{"id":11352,"date":"2025-06-05T23:47:00","date_gmt":"2025-06-06T02:47:00","guid":{"rendered":"https:\/\/hdpnoticias.com.ar\/?p=11352"},"modified":"2025-06-06T08:17:12","modified_gmt":"2025-06-06T11:17:12","slug":"capitanich-reunion-a-la-conduccion-del-pj-pensando-en-octubre","status":"publish","type":"post","link":"https:\/\/hdpnoticias.com.ar\/?p=11352","title":{"rendered":"Capitanich reuni\u00f3 a la conducci\u00f3n del PJ pensando en octubre"},"content":{"rendered":"\n<figure class=\"wp-block-image size-full\"><img loading=\"lazy\" decoding=\"async\" width=\"720\" height=\"90\" src=\"http:\/\/hdpnoticias.com.ar\/wp-content\/uploads\/2024\/05\/Obras-Publicas.gif\" alt=\"\" class=\"wp-image-6818\"\/><\/figure>\n\n\n\n<p>El exgobernador y diputado provincial electo: Jorge Capitanich, en su car\u00e1cter de presidente del Consejo Provincial del PJ reuni\u00f3 a la conducci\u00f3n partidaria, a integrantes de los foros de intendentes y concejales, y a referentes de los partidos aliados.<\/p>\n\n\n\n<p>La reuni\u00f3n se celebr\u00f3 el mi\u00e9rcoles en la sede de Mitre y Rivadavia. Y el temario concentr\u00f3 cr\u00edticas a los gobiernos nacional y provincial, y la necesidad de \u201cfrenar a Milei y Zdero\u201d, y un llamado a la unidad, que sigue siendo una materia pendiente.<\/p>\n\n\n\n<p>Con ese norte, Capitanich instruy\u00f3 a sus diputados buscar consensos en la Legislatura <img loading=\"lazy\" decoding=\"async\" width=\"589\" height=\"331\" src=\"\">&nbsp;para impulsar declaraciones de emergencia tarifaria, agropecuaria, educativa, sanitaria, previsional, laboral y de seguridad, entre otros \u00e1mbitos.<\/p>\n\n\n\n<p>Tambi\u00e9n aprovech\u00f3 para anunciar su intenci\u00f3n de lanzar una gran convocatoria a los m\u00e1s diversos sectores pol\u00edticos para \u201creconstruir el frente nacional, popular y democr\u00e1tico\u201d para enfrentar las elecciones nacionales de octubre.<\/p>\n\n\n\n<p>Las expectativas electorales est\u00e1n puestas en revertir la derrota sufrida en las legislativas provinciales del 11 de mayo, cuando \u00e9l mismo encabez\u00f3 la boleta del frente Chaco Merece M\u00e1s.<\/p>\n\n\n\n<p>A\u00fan hay sectores que reclaman elecciones internas para definir candidatos a diputados nacionales y senadores, pero no hizo menci\u00f3n al respecto, por lo que sigue adelante el plan de imponer su centralidad a la hora del armado de las listas, y es m\u00e1s que un rumor que volver\u00e1 a ser candidato.<\/p>\n","protected":false},"excerpt":{"rendered":"<p>El exgobernador y diputado provincial electo: Jorge Capitanich, en su car\u00e1cter de presidente del Consejo Provincial del PJ reuni\u00f3 a la conducci\u00f3n partidaria, a integrantes de los foros de intendentes y concejales, y a referentes de los partidos aliados. La reuni\u00f3n se celebr\u00f3 el mi\u00e9rcoles en la sede de Mitre y Rivadavia. Y el temario [&hellip;]<\/p>\n","protected":false},"author":1,"featured_media":11353,"comment_status":"open","ping_status":"open","sticky":false,"template":"","format":"standard","meta":{"footnotes":""},"categories":[27],"tags":[29,2508,682,246,1319,248,1399,921],"class_list":["post-11352","post","type-post","status-publish","format-standard","has-post-thumbnail","hentry","category-politica","tag-capitanich","tag-derrota","tag-diputado","tag-elecciones","tag-milei","tag-pj","tag-senador","tag-zdero"],"_links":{"self":[{"href":"https:\/\/hdpnoticias.com.ar\/index.php?rest_route=\/wp\/v2\/posts\/11352","targetHints":{"allow":["GET"]}}],"collection":[{"href":"https:\/\/hdpnoticias.com.ar\/index.php?rest_route=\/wp\/v2\/posts"}],"about":[{"href":"https:\/\/hdpnoticias.com.ar\/index.php?rest_route=\/wp\/v2\/types\/post"}],"author":[{"embeddable":true,"href":"https:\/\/hdpnoticias.com.ar\/index.php?rest_route=\/wp\/v2\/users\/1"}],"replies":[{"embeddable":true,"href":"https:\/\/hdpnoticias.com.ar\/index.php?rest_route=%2Fwp%2Fv2%2Fcomments&post=11352"}],"version-history":[{"count":2,"href":"https:\/\/hdpnoticias.com.ar\/index.php?rest_route=\/wp\/v2\/posts\/11352\/revisions"}],"predecessor-version":[{"id":11355,"href":"https:\/\/hdpnoticias.com.ar\/index.php?rest_route=\/wp\/v2\/posts\/11352\/revisions\/11355"}],"wp:featuredmedia":[{"embeddable":true,"href":"https:\/\/hdpnoticias.com.ar\/index.php?rest_route=\/wp\/v2\/media\/11353"}],"wp:attachment":[{"href":"https:\/\/hdpnoticias.com.ar\/index.php?rest_route=%2Fwp%2Fv2%2Fmedia&parent=11352"}],"wp:term":[{"taxonomy":"category","embeddable":true,"href":"https:\/\/hdpnoticias.com.ar\/index.php?rest_route=%2Fwp%2Fv2%2Fcategories&post=11352"},{"taxonomy":"post_tag","embeddable":true,"href":"https:\/\/hdpnoticias.com.ar\/index.php?rest_route=%2Fwp%2Fv2%2Ftags&post=11352"}],"curies":[{"name":"wp","href":"https:\/\/api.w.org\/{rel}","templated":true}]}}