{"id":11335,"date":"2025-06-03T23:21:00","date_gmt":"2025-06-04T02:21:00","guid":{"rendered":"https:\/\/hdpnoticias.com.ar\/?p=11335"},"modified":"2025-06-04T07:07:51","modified_gmt":"2025-06-04T10:07:51","slug":"murio-el-cadete-de-policia-que-choco-un-camion-el-25-de-mayo","status":"publish","type":"post","link":"https:\/\/hdpnoticias.com.ar\/?p=11335","title":{"rendered":"Muri\u00f3 el cadete de Polic\u00eda que choc\u00f3 un cami\u00f3n el 25 de mayo"},"content":{"rendered":"\n<figure class=\"wp-block-image size-full\"><img loading=\"lazy\" decoding=\"async\" width=\"728\" height=\"90\" src=\"http:\/\/hdpnoticias.com.ar\/wp-content\/uploads\/2024\/05\/Nachec.gif\" alt=\"\" class=\"wp-image-6814\"\/><\/figure>\n\n\n\n<p>El 25 de mayo, minutos antes del mediod\u00eda, Mat\u00edas Nelson Nahuel Far\u00edas, estudiante del Curso de Formaci\u00f3n para Agentes de Polic\u00eda, de 24 a\u00f1os, oriundo de Colonias Unidas, protagoniz\u00f3 un terrible accidente en la zona sur de Resistencia.<\/p>\n\n\n\n<p>Conduc\u00eda su motocicleta Rouser Bajaj de 125cc. por la avenida Alberdi cuando en la intersecci\u00f3n con la calle San Salvador, impact\u00f3 de lleno contra un cami\u00f3n estacionado.<\/p>\n\n\n\n<p>En el choque sufri\u00f3 grav\u00edsimas lesiones, principalmente traumatismo grave de cr\u00e1neo, traumatismo cerrado de abdomen y fracturas de los huesos de la cara.<\/p>\n\n\n\n<p>Desde entonces permaneci\u00f3 internado en la Unidad de Terapia Intensiva del hospital Perrando, con respiraci\u00f3n asistida, y fue intervenido quir\u00fargicamente.<\/p>\n\n\n\n<p>A pesar de los ingentes esfuerzos m\u00e9dicos, muri\u00f3 la tarde de este martes, tras 9 d\u00edas de agon\u00eda.<\/p>\n","protected":false},"excerpt":{"rendered":"<p>El 25 de mayo, minutos antes del mediod\u00eda, Mat\u00edas Nelson Nahuel Far\u00edas, estudiante del Curso de Formaci\u00f3n para Agentes de Polic\u00eda, de 24 a\u00f1os, oriundo de Colonias Unidas, protagoniz\u00f3 un terrible accidente en la zona sur de Resistencia. Conduc\u00eda su motocicleta Rouser Bajaj de 125cc. por la avenida Alberdi cuando en la intersecci\u00f3n con la [&hellip;]<\/p>\n","protected":false},"author":1,"featured_media":547,"comment_status":"open","ping_status":"open","sticky":false,"template":"","format":"standard","meta":{"footnotes":""},"categories":[26],"tags":[3122,375,40,49,902,4977,97],"class_list":["post-11335","post","type-post","status-publish","format-standard","has-post-thumbnail","hentry","category-policiales","tag-bajaj","tag-colonias-unidas","tag-perrando","tag-resistencia","tag-rouser","tag-traumatismo-de-craneo","tag-zona-sur"],"_links":{"self":[{"href":"https:\/\/hdpnoticias.com.ar\/index.php?rest_route=\/wp\/v2\/posts\/11335","targetHints":{"allow":["GET"]}}],"collection":[{"href":"https:\/\/hdpnoticias.com.ar\/index.php?rest_route=\/wp\/v2\/posts"}],"about":[{"href":"https:\/\/hdpnoticias.com.ar\/index.php?rest_route=\/wp\/v2\/types\/post"}],"author":[{"embeddable":true,"href":"https:\/\/hdpnoticias.com.ar\/index.php?rest_route=\/wp\/v2\/users\/1"}],"replies":[{"embeddable":true,"href":"https:\/\/hdpnoticias.com.ar\/index.php?rest_route=%2Fwp%2Fv2%2Fcomments&post=11335"}],"version-history":[{"count":1,"href":"https:\/\/hdpnoticias.com.ar\/index.php?rest_route=\/wp\/v2\/posts\/11335\/revisions"}],"predecessor-version":[{"id":11336,"href":"https:\/\/hdpnoticias.com.ar\/index.php?rest_route=\/wp\/v2\/posts\/11335\/revisions\/11336"}],"wp:featuredmedia":[{"embeddable":true,"href":"https:\/\/hdpnoticias.com.ar\/index.php?rest_route=\/wp\/v2\/media\/547"}],"wp:attachment":[{"href":"https:\/\/hdpnoticias.com.ar\/index.php?rest_route=%2Fwp%2Fv2%2Fmedia&parent=11335"}],"wp:term":[{"taxonomy":"category","embeddable":true,"href":"https:\/\/hdpnoticias.com.ar\/index.php?rest_route=%2Fwp%2Fv2%2Fcategories&post=11335"},{"taxonomy":"post_tag","embeddable":true,"href":"https:\/\/hdpnoticias.com.ar\/index.php?rest_route=%2Fwp%2Fv2%2Ftags&post=11335"}],"curies":[{"name":"wp","href":"https:\/\/api.w.org\/{rel}","templated":true}]}}