{"id":11294,"date":"2025-05-30T23:57:00","date_gmt":"2025-05-31T02:57:00","guid":{"rendered":"https:\/\/hdpnoticias.com.ar\/?p=11294"},"modified":"2025-05-31T08:04:05","modified_gmt":"2025-05-31T11:04:05","slug":"soneira-a-indagatoria-por-la-entrega-de-tierras-a-tito-lopez","status":"publish","type":"post","link":"https:\/\/hdpnoticias.com.ar\/?p=11294","title":{"rendered":"Soneira a indagatoria por la entrega de tierras a Tito L\u00f3pez"},"content":{"rendered":"\n<figure class=\"wp-block-image size-full\"><img loading=\"lazy\" decoding=\"async\" width=\"720\" height=\"90\" src=\"http:\/\/hdpnoticias.com.ar\/wp-content\/uploads\/2024\/05\/Obras-Publicas.gif\" alt=\"\" class=\"wp-image-6818\"\/><\/figure>\n\n\n\n<p>El juez federal Ricardo Mianovich cit\u00f3 a la exministra de Ambiente de Desarrollo Territorial de Jorge Capitanich: Marta Soneira, a indagatoria en la causa en la que se investiga la adjudicaci\u00f3n de grandes extensiones de tierras fiscales al dirigente piquetero Ram\u00f3n \u201cTito\u201d L\u00f3pez, hoy preso en una causa por presunto desv\u00edo y lavado de fondos p\u00fablicos asignados por la misma gesti\u00f3n.<\/p>\n\n\n\n<p>La indagatoria, que alcanza a otros funcionarios del Instituto de Colonizaci\u00f3n: Walter Ferreyra, Ra\u00fal Par\u00eds, Cynthia Kaplan y Mar\u00eda Artieda, hab\u00eda sido fijada para los pasados 27 y 28 de mayo, pero el juez aplaz\u00f3 los t\u00e9rminos por el planteo de una serie de objeciones y hasta la nulidad del proceso de parte de la defensora de Soneira, la exministra de Justicia y Seguridad: Gloria Zalazar.<\/p>\n\n\n\n<p>Rechazados todos los planteos, Mi\u00e1novich fij\u00f3 nueva fecha, hora y modalidad: 11 de junio, a las 10, v\u00eda videoconferencia.<\/p>\n\n\n\n<p>Del otro lado estar\u00e1 el fiscal federal Patricio Sabadini, que lleva adelante la investigaci\u00f3n, tanto la causa que involucra directamente a Tito L\u00f3pez, cuyo <strong><a href=\"https:\/\/hdpnoticias.com.ar\/?p=11271\">requerimiento de elevaci\u00f3n a juicio ya est\u00e1 en curso<\/a><\/strong>, como \u00e9sta por presunta defraudaci\u00f3n contra la administraci\u00f3n p\u00fablica, asociaci\u00f3n il\u00edcita e incumplimiento de los deberes de funcionario p\u00fablico.<\/p>\n\n\n\n<p>Sabadini fija su mirada en el car\u00e1cter expeditivo de los tr\u00e1mites burocr\u00e1ticos que beneficiaron a L\u00f3pez, que finalizaron en la entrega de unas 3 mil hect\u00e1reas con una celeridad inusitada. Entiende que el piquetero no pudo haber alcanzado esa instancia si no mediara connivencia de varios estamentos del Estado.<\/p>\n\n\n\n<p>Adem\u00e1s, apenas adjudicado, puso en marcha una maniobra para vender las tierras, un fin contrario al emprendimiento productivo comunitario para el que hab\u00edan sido otorgadas, y esto tampoco fue advertido por los funcionarios.<\/p>\n","protected":false},"excerpt":{"rendered":"<p>El juez federal Ricardo Mianovich cit\u00f3 a la exministra de Ambiente de Desarrollo Territorial de Jorge Capitanich: Marta Soneira, a indagatoria en la causa en la que se investiga la adjudicaci\u00f3n de grandes extensiones de tierras fiscales al dirigente piquetero Ram\u00f3n \u201cTito\u201d L\u00f3pez, hoy preso en una causa por presunto desv\u00edo y lavado de fondos [&hellip;]<\/p>\n","protected":false},"author":1,"featured_media":9171,"comment_status":"open","ping_status":"open","sticky":false,"template":"","format":"standard","meta":{"footnotes":""},"categories":[27],"tags":[29,291,1801,3448,1024,4690,4691,2035],"class_list":["post-11294","post","type-post","status-publish","format-standard","has-post-thumbnail","hentry","category-politica","tag-capitanich","tag-corrupcion","tag-lavado","tag-mianovich","tag-sabadini","tag-soneira","tag-tierras-fiscales","tag-tito"],"_links":{"self":[{"href":"https:\/\/hdpnoticias.com.ar\/index.php?rest_route=\/wp\/v2\/posts\/11294","targetHints":{"allow":["GET"]}}],"collection":[{"href":"https:\/\/hdpnoticias.com.ar\/index.php?rest_route=\/wp\/v2\/posts"}],"about":[{"href":"https:\/\/hdpnoticias.com.ar\/index.php?rest_route=\/wp\/v2\/types\/post"}],"author":[{"embeddable":true,"href":"https:\/\/hdpnoticias.com.ar\/index.php?rest_route=\/wp\/v2\/users\/1"}],"replies":[{"embeddable":true,"href":"https:\/\/hdpnoticias.com.ar\/index.php?rest_route=%2Fwp%2Fv2%2Fcomments&post=11294"}],"version-history":[{"count":1,"href":"https:\/\/hdpnoticias.com.ar\/index.php?rest_route=\/wp\/v2\/posts\/11294\/revisions"}],"predecessor-version":[{"id":11295,"href":"https:\/\/hdpnoticias.com.ar\/index.php?rest_route=\/wp\/v2\/posts\/11294\/revisions\/11295"}],"wp:featuredmedia":[{"embeddable":true,"href":"https:\/\/hdpnoticias.com.ar\/index.php?rest_route=\/wp\/v2\/media\/9171"}],"wp:attachment":[{"href":"https:\/\/hdpnoticias.com.ar\/index.php?rest_route=%2Fwp%2Fv2%2Fmedia&parent=11294"}],"wp:term":[{"taxonomy":"category","embeddable":true,"href":"https:\/\/hdpnoticias.com.ar\/index.php?rest_route=%2Fwp%2Fv2%2Fcategories&post=11294"},{"taxonomy":"post_tag","embeddable":true,"href":"https:\/\/hdpnoticias.com.ar\/index.php?rest_route=%2Fwp%2Fv2%2Ftags&post=11294"}],"curies":[{"name":"wp","href":"https:\/\/api.w.org\/{rel}","templated":true}]}}