{"id":11259,"date":"2025-05-27T07:13:16","date_gmt":"2025-05-27T10:13:16","guid":{"rendered":"https:\/\/hdpnoticias.com.ar\/?p=11259"},"modified":"2025-05-27T07:13:17","modified_gmt":"2025-05-27T10:13:17","slug":"pedrini-pide-reeleccion-y-que-capitanich-vuelva-al-senado-el-chaco-nos-necesita","status":"publish","type":"post","link":"https:\/\/hdpnoticias.com.ar\/?p=11259","title":{"rendered":"Pedrini pide reelecci\u00f3n y que Capitanich vuelva al Senado: El Chaco nos necesita"},"content":{"rendered":"\n<figure class=\"wp-block-image size-full\"><img loading=\"lazy\" decoding=\"async\" width=\"728\" height=\"90\" src=\"http:\/\/hdpnoticias.com.ar\/wp-content\/uploads\/2024\/05\/Nachec.gif\" alt=\"\" class=\"wp-image-6814\"\/><\/figure>\n\n\n\n<p>El diputado nacional chaque\u00f1o kirchnerista Juan Manuel Pedrini, de Uni\u00f3n por la Patria, finaliza su mandato el pr\u00f3ximo 10 de diciembre, al igual que su compa\u00f1era de bancada Mar\u00eda Luisa Chomiak, recientemente electa diputada provincial; el radical Juan Carlos Pollini, y Maril\u00fa Quiroz, el PRO.<\/p>\n\n\n\n<p>Ante la inminencia de su reemplazo, se propuso la empresa de no abandonar su banca en el Congreso, entendiendo que 2 per\u00edodos no fueron suficientes.<\/p>\n\n\n\n<p>\u201cNo voy a ser hip\u00f3crita, yo aspiro a la reelecci\u00f3n\u201d, dijo, entrevistado en radio Gualamba, y abog\u00f3: \u201cSiempre trabaj\u00e9 a favor de los chaque\u00f1os\u201d y \u201cnunca vot\u00e9 en contra del pueblo\u201d, entre otros argumentos que entienden que justifican su pretensi\u00f3n.<\/p>\n\n\n\n<p>Adem\u00e1s de 4 diputados, Chaco debe renovar sus 3 representantes en el Senado de la Naci\u00f3n, para remplazar al radical V\u00edctor Zimmermann y a los peronistas Antonio Rodas y Mar\u00eda In\u00e9s Pilatti Vergara.<\/p>\n\n\n\n<p>En esa categor\u00eda, Pedrini tiene un candidato: Jorge Capitanich. \u00c9ste fue electo diputado provincial el pasado 11 de mayo pero, aunque \u00e9l evit\u00f3 contestar si asumir\u00e1 finalmente su banca, todos consideran que se trat\u00f3 de una candidatura testimonial. \u201cEso lo tiene que decidir Capitanich\u201d, dijo Pedrini.<\/p>\n\n\n\n<p>\u201cTanto como senador, como cada vez que estuvo en el Senado y la C\u00e1mara de Diputados como jefe de Gabinete, Capitanich fue descollante\u201d, calific\u00f3 el legislador como promotor de la candidatura nacional del trigobernador.<\/p>\n\n\n\n<p>Sin eufemismos, y para no correr el riesgo de quedar corto, opin\u00f3 que la dupla Capitanich-Pedrini \u201ces lo que el Chaco necesita en este momento\u201d para hacer frente a lo que considera los embates del gobierno de Milei que perjudican a todos los chaque\u00f1os.<\/p>\n","protected":false},"excerpt":{"rendered":"<p>El diputado nacional chaque\u00f1o kirchnerista Juan Manuel Pedrini, de Uni\u00f3n por la Patria, finaliza su mandato el pr\u00f3ximo 10 de diciembre, al igual que su compa\u00f1era de bancada Mar\u00eda Luisa Chomiak, recientemente electa diputada provincial; el radical Juan Carlos Pollini, y Maril\u00fa Quiroz, el PRO. Ante la inminencia de su reemplazo, se propuso la empresa [&hellip;]<\/p>\n","protected":false},"author":1,"featured_media":11260,"comment_status":"open","ping_status":"open","sticky":false,"template":"","format":"standard","meta":{"footnotes":""},"categories":[27],"tags":[29,37,422,4934,71,1319,293,3588,4933,350,601,72,1592],"class_list":["post-11259","post","type-post","status-publish","format-standard","has-post-thumbnail","hentry","category-politica","tag-capitanich","tag-chaco","tag-chaquenos","tag-chomiak","tag-diputados","tag-milei","tag-pedrini","tag-pilatti-vergara","tag-pollin","tag-reeleccion","tag-rodas","tag-senado","tag-zimmermann"],"_links":{"self":[{"href":"https:\/\/hdpnoticias.com.ar\/index.php?rest_route=\/wp\/v2\/posts\/11259","targetHints":{"allow":["GET"]}}],"collection":[{"href":"https:\/\/hdpnoticias.com.ar\/index.php?rest_route=\/wp\/v2\/posts"}],"about":[{"href":"https:\/\/hdpnoticias.com.ar\/index.php?rest_route=\/wp\/v2\/types\/post"}],"author":[{"embeddable":true,"href":"https:\/\/hdpnoticias.com.ar\/index.php?rest_route=\/wp\/v2\/users\/1"}],"replies":[{"embeddable":true,"href":"https:\/\/hdpnoticias.com.ar\/index.php?rest_route=%2Fwp%2Fv2%2Fcomments&post=11259"}],"version-history":[{"count":1,"href":"https:\/\/hdpnoticias.com.ar\/index.php?rest_route=\/wp\/v2\/posts\/11259\/revisions"}],"predecessor-version":[{"id":11261,"href":"https:\/\/hdpnoticias.com.ar\/index.php?rest_route=\/wp\/v2\/posts\/11259\/revisions\/11261"}],"wp:featuredmedia":[{"embeddable":true,"href":"https:\/\/hdpnoticias.com.ar\/index.php?rest_route=\/wp\/v2\/media\/11260"}],"wp:attachment":[{"href":"https:\/\/hdpnoticias.com.ar\/index.php?rest_route=%2Fwp%2Fv2%2Fmedia&parent=11259"}],"wp:term":[{"taxonomy":"category","embeddable":true,"href":"https:\/\/hdpnoticias.com.ar\/index.php?rest_route=%2Fwp%2Fv2%2Fcategories&post=11259"},{"taxonomy":"post_tag","embeddable":true,"href":"https:\/\/hdpnoticias.com.ar\/index.php?rest_route=%2Fwp%2Fv2%2Ftags&post=11259"}],"curies":[{"name":"wp","href":"https:\/\/api.w.org\/{rel}","templated":true}]}}