{"id":11209,"date":"2025-05-20T21:00:33","date_gmt":"2025-05-21T00:00:33","guid":{"rendered":"https:\/\/hdpnoticias.com.ar\/?p=11209"},"modified":"2025-05-20T21:03:23","modified_gmt":"2025-05-21T00:03:23","slug":"video-gustavo-les-hizo-la-cruz-a-los-que-van-y-vienen-por-plata-basta-de-buscas","status":"publish","type":"post","link":"https:\/\/hdpnoticias.com.ar\/?p=11209","title":{"rendered":"VIDEO | Gustavo les hizo la cruz a los que van y vienen por plata: \u00a1Basta de buscas!"},"content":{"rendered":"\n<figure class=\"wp-block-image size-full\"><img loading=\"lazy\" decoding=\"async\" width=\"720\" height=\"90\" src=\"http:\/\/hdpnoticias.com.ar\/wp-content\/uploads\/2024\/05\/Copy-of-720x90-1.gif\" alt=\"\" class=\"wp-image-6806\"\/><\/figure>\n\n\n\n<p>El dirigente peronista Gustavo Mart\u00ednez, exintendente capitalino, encabez\u00f3 el fin de semana un plenario provincial de la Corriente de Expresi\u00f3n Renovada, celebrada en el Club Central Norte, de Resistencia.<\/p>\n\n\n\n<p>A su turno en los discursos, ante un auditorio dispuesto en formato 360, lanz\u00f3 un fuerte llamado a la unidad a Primero Chaco, a quienes intim\u00f3 a <strong><a href=\"https:\/\/hdpnoticias.com.ar\/?p=11198\">\u201cdemostrar que no trabajan para Zdero\u201d<\/a><\/strong>. Desde su perspectiva, si ese frente liderado por el diputado Atlando Honcheruk y la intendente de Barranqueras: Magda Ayala, insiste en competir por fuera del frente Chaco Merece M\u00e1s que articula el PJ, es porque \u201cest\u00e1n con Zdero\u201d.<\/p>\n\n\n\n<p>Pero, adem\u00e1s, entre otras consideraciones, se\u00f1al\u00f3 a los que en alg\u00fan momento adhirieron a su propuesta pero \u00faltimamente decidieron cambiar de rumbo: \u201cLos que estaban con nosotros por plata, ahora se fueron por plata\u201d, sentenci\u00f3, y advirti\u00f3: \u201cNosotros vamos a contener a los compa\u00f1eros de nuestro espacio, a los que estuvieron con nosotros a pulm\u00f3n. Son los \u00fanicos de los que nos vamos a hace cargo siempre. Los dem\u00e1s, que busquen en otros espacios del peronismo\u201d.<\/p>\n\n\n\n<p>\u201cNo nos vamos a negar a relacionarnos con todos los compa\u00f1eros, pero sepan que este militante no olvida. Se termin\u00f3 la tomada de pelo\u201d, remat\u00f3.<\/p>\n\n\n\n<p>Pero aclar\u00f3 que ese no es un pensamiento particularmente suyo, sino un com\u00fan denominador en la gente, que se lo hizo saber claramente en la \u00faltima campa\u00f1a: \u201cLos vecinos me dicen: Gustavo, basta de buscas. Pon\u00e9 gente militante, que sepa de barrio\u201d.<\/p>\n\n\n\n<p>A los compa\u00f1eros que estuvieron con nosotros a pulm\u00f3n, y siguen con nosotros a pulm\u00f3n, son los \u00fanicos de los cuales nos vamos a hace cargo siempre; los dem\u00e1s que busquen en los otros espacios del peronismo.<\/p>\n\n\n\n<p>\u201cNo nos vamos a negar a relacionarnos con todos los compa\u00f1eros del campo nacional y popular, pero sepan que este militante no olvida\u201d, advirti\u00f3.<\/p>\n\n\n\n<p>Y sigui\u00f3: \u201cYa se termin\u00f3 la tomada de pelo. Tenemos que lograr consolidar una organizaci\u00f3n en serio, porque los vecinos de a pie nos dicen: Gustavo. basta de buscas, pon\u00e9 gente militante, gente que sepa de barrio y quiere trabajar por los humildes\u201d.<\/p>\n\n\n\n<p>\u201cMe dicen: \u00bfC\u00f3mo puede ser que andaba en bicicleta y hoy tiene 2, 3, 4 camionetas, y 2, 3, 4 quinchos?\u201d, cont\u00f3, y plante\u00f3: \u201c\u00bfC\u00f3mo no se va enojar la gente?\u201d.<\/p>\n\n\n\n<iframe loading=\"lazy\" src=\"https:\/\/www.facebook.com\/plugins\/video.php?height=476&#038;href=https%3A%2F%2Fwww.facebook.com%2Fhdpchaco%2Fvideos%2F545378868647487%2F&#038;show_text=false&#038;width=380&#038;t=0\" width=\"380\" height=\"476\" style=\"border:none;overflow:hidden\" scrolling=\"no\" frameborder=\"0\" allowfullscreen=\"true\" allow=\"autoplay; clipboard-write; encrypted-media; picture-in-picture; web-share\" allowFullScreen=\"true\"><\/iframe>\n","protected":false},"excerpt":{"rendered":"<p>El dirigente peronista Gustavo Mart\u00ednez, exintendente capitalino, encabez\u00f3 el fin de semana un plenario provincial de la Corriente de Expresi\u00f3n Renovada, celebrada en el Club Central Norte, de Resistencia. A su turno en los discursos, ante un auditorio dispuesto en formato 360, lanz\u00f3 un fuerte llamado a la unidad a Primero Chaco, a quienes intim\u00f3 [&hellip;]<\/p>\n","protected":false},"author":1,"featured_media":11210,"comment_status":"open","ping_status":"open","sticky":false,"template":"","format":"standard","meta":{"footnotes":""},"categories":[27],"tags":[4920,929,4686,242,1881,248,4714,921],"class_list":["post-11209","post","type-post","status-publish","format-standard","has-post-thumbnail","hentry","category-politica","tag-buscas","tag-cer","tag-chaco-merece-mas","tag-gustavo","tag-magda","tag-pj","tag-primero-chaco","tag-zdero"],"_links":{"self":[{"href":"https:\/\/hdpnoticias.com.ar\/index.php?rest_route=\/wp\/v2\/posts\/11209","targetHints":{"allow":["GET"]}}],"collection":[{"href":"https:\/\/hdpnoticias.com.ar\/index.php?rest_route=\/wp\/v2\/posts"}],"about":[{"href":"https:\/\/hdpnoticias.com.ar\/index.php?rest_route=\/wp\/v2\/types\/post"}],"author":[{"embeddable":true,"href":"https:\/\/hdpnoticias.com.ar\/index.php?rest_route=\/wp\/v2\/users\/1"}],"replies":[{"embeddable":true,"href":"https:\/\/hdpnoticias.com.ar\/index.php?rest_route=%2Fwp%2Fv2%2Fcomments&post=11209"}],"version-history":[{"count":2,"href":"https:\/\/hdpnoticias.com.ar\/index.php?rest_route=\/wp\/v2\/posts\/11209\/revisions"}],"predecessor-version":[{"id":11212,"href":"https:\/\/hdpnoticias.com.ar\/index.php?rest_route=\/wp\/v2\/posts\/11209\/revisions\/11212"}],"wp:featuredmedia":[{"embeddable":true,"href":"https:\/\/hdpnoticias.com.ar\/index.php?rest_route=\/wp\/v2\/media\/11210"}],"wp:attachment":[{"href":"https:\/\/hdpnoticias.com.ar\/index.php?rest_route=%2Fwp%2Fv2%2Fmedia&parent=11209"}],"wp:term":[{"taxonomy":"category","embeddable":true,"href":"https:\/\/hdpnoticias.com.ar\/index.php?rest_route=%2Fwp%2Fv2%2Fcategories&post=11209"},{"taxonomy":"post_tag","embeddable":true,"href":"https:\/\/hdpnoticias.com.ar\/index.php?rest_route=%2Fwp%2Fv2%2Ftags&post=11209"}],"curies":[{"name":"wp","href":"https:\/\/api.w.org\/{rel}","templated":true}]}}