{"id":11169,"date":"2025-05-16T16:41:55","date_gmt":"2025-05-16T19:41:55","guid":{"rendered":"https:\/\/hdpnoticias.com.ar\/?p=11169"},"modified":"2025-05-16T16:41:57","modified_gmt":"2025-05-16T19:41:57","slug":"capitanich-considera-suyos-los-votos-de-primero-chaco-y-reclama-el-empate","status":"publish","type":"post","link":"https:\/\/hdpnoticias.com.ar\/?p=11169","title":{"rendered":"Capitanich considera suyos los votos de Primero Chaco y reclama el empate"},"content":{"rendered":"\n<figure class=\"wp-block-image size-full\"><img loading=\"lazy\" decoding=\"async\" width=\"728\" height=\"90\" src=\"http:\/\/hdpnoticias.com.ar\/wp-content\/uploads\/2024\/05\/Nachec.gif\" alt=\"\" class=\"wp-image-6814\"\/><\/figure>\n\n\n\n<p>\u201cA partir del 10 de diciembre el peronismo sentar\u00e1 las bases para ser una alternativa de gobierno en 2027\u201d, expres\u00f3 el exgobernador Jorge Capitanich, que el \u00faltimo domingo fue electo diputado provincial por el frente opositor Chaco Merece M\u00e1s.<\/p>\n\n\n\n<p>Cuando a\u00fan no hab\u00edan transcurrido 2 horas del cierre de los comicios y el escrutinio reci\u00e9n comenzaba a mostrar los resultados de las primeras mesas, Capitanich sali\u00f3 a reconocer la derrota frente a Chaco Puede + LLA. Desde entonces no se supo nada de \u00e9l.<\/p>\n\n\n\n<p>Ahora, en una reaparici\u00f3n epistolar, hizo un an\u00e1lisis de las elecciones, y ponder\u00f3 como cumplido el objetivo de \u201cfrenar a Zdero y Milei\u201d, ya que considera que el oficialismo logr\u00f3 un \u201cempate ag\u00f3nico: 8 a 8, y tild\u00f3 de &#8220;triunfalismo&#8221; el festejo del gobernador y sus candidatos.<\/p>\n\n\n\n<p>Aunque la lista de Chaco Merece M\u00e1s encabezada por Capitanich s\u00f3lo consigui\u00f3 6 bancas, contabiliza como propias las obtenidas por Primero Chaco, aunque sin mencionar al frente, ni a sus principales referentes y diputados electos: Atlanto Honcheruk y la intendente de Barranqueras: Magda Ayala, que decidieron competir con una propuesta propia ante su negativa a convocar a elecciones internas.<\/p>\n\n\n\n<p>En este escenario, Capitanich asevera que a Zdero \u201cle quedan 2 a\u00f1os por delante\u201d y entiende que \u201cser\u00e1n cuesta arriba\u201d. Paralelamente, ya piensa en las elecciones gubernamentales de 2027, deja entrever su intenci\u00f3n de volver a postularse, algo que ya hab\u00eda adelantado durante la campa\u00f1a.<\/p>\n\n\n\n<p>Dentro del peronismo, considera haber triunfado en las \u201cinternas\u201d del domingo, considerando que los votos peronistas se dividieron \u201c75-25\u201d. Y aunque las internas partidarias ya tienen fecha en noviembre, no descarta la posibilidad de designar autoridades por \u201cconsenso\u201d.<\/p>\n\n\n\n<p>Llamativamente, no hace menci\u00f3n a las elecciones nacionales de octubre, en las que Chaco renovar\u00e1 3 senadores y 4 de sus 7 diputados nacionales.<\/p>\n\n\n\n<p>C\u00f3mo se definir\u00e1n los candidatos a legisladores nacionales despu\u00e9s del resultado del \u00faltimo domingo es un interrogante que \u00e9l parece tener resuelto, considerando que el Consejo Provincial facult\u00f3 a la conducci\u00f3n partidaria, encabezada por \u00e9l mismo, a conformar alianzas y definir candidatos.<\/p>\n","protected":false},"excerpt":{"rendered":"<p>\u201cA partir del 10 de diciembre el peronismo sentar\u00e1 las bases para ser una alternativa de gobierno en 2027\u201d, expres\u00f3 el exgobernador Jorge Capitanich, que el \u00faltimo domingo fue electo diputado provincial por el frente opositor Chaco Merece M\u00e1s. Cuando a\u00fan no hab\u00edan transcurrido 2 horas del cierre de los comicios y el escrutinio reci\u00e9n [&hellip;]<\/p>\n","protected":false},"author":1,"featured_media":10907,"comment_status":"open","ping_status":"open","sticky":false,"template":"","format":"standard","meta":{"footnotes":""},"categories":[27],"tags":[29,4686,4683,682,246,1523,247,1881,2146,4714,921],"class_list":["post-11169","post","type-post","status-publish","format-standard","has-post-thumbnail","hentry","category-politica","tag-capitanich","tag-chaco-merece-mas","tag-chaco-puede","tag-diputado","tag-elecciones","tag-honcheruk","tag-internas","tag-magda","tag-partido-justicialista","tag-primero-chaco","tag-zdero"],"_links":{"self":[{"href":"https:\/\/hdpnoticias.com.ar\/index.php?rest_route=\/wp\/v2\/posts\/11169","targetHints":{"allow":["GET"]}}],"collection":[{"href":"https:\/\/hdpnoticias.com.ar\/index.php?rest_route=\/wp\/v2\/posts"}],"about":[{"href":"https:\/\/hdpnoticias.com.ar\/index.php?rest_route=\/wp\/v2\/types\/post"}],"author":[{"embeddable":true,"href":"https:\/\/hdpnoticias.com.ar\/index.php?rest_route=\/wp\/v2\/users\/1"}],"replies":[{"embeddable":true,"href":"https:\/\/hdpnoticias.com.ar\/index.php?rest_route=%2Fwp%2Fv2%2Fcomments&post=11169"}],"version-history":[{"count":1,"href":"https:\/\/hdpnoticias.com.ar\/index.php?rest_route=\/wp\/v2\/posts\/11169\/revisions"}],"predecessor-version":[{"id":11170,"href":"https:\/\/hdpnoticias.com.ar\/index.php?rest_route=\/wp\/v2\/posts\/11169\/revisions\/11170"}],"wp:featuredmedia":[{"embeddable":true,"href":"https:\/\/hdpnoticias.com.ar\/index.php?rest_route=\/wp\/v2\/media\/10907"}],"wp:attachment":[{"href":"https:\/\/hdpnoticias.com.ar\/index.php?rest_route=%2Fwp%2Fv2%2Fmedia&parent=11169"}],"wp:term":[{"taxonomy":"category","embeddable":true,"href":"https:\/\/hdpnoticias.com.ar\/index.php?rest_route=%2Fwp%2Fv2%2Fcategories&post=11169"},{"taxonomy":"post_tag","embeddable":true,"href":"https:\/\/hdpnoticias.com.ar\/index.php?rest_route=%2Fwp%2Fv2%2Ftags&post=11169"}],"curies":[{"name":"wp","href":"https:\/\/api.w.org\/{rel}","templated":true}]}}