{"id":11164,"date":"2025-05-15T22:32:51","date_gmt":"2025-05-16T01:32:51","guid":{"rendered":"https:\/\/hdpnoticias.com.ar\/?p=11164"},"modified":"2025-05-16T21:24:10","modified_gmt":"2025-05-17T00:24:10","slug":"bergia-busco-la-re-re-re-re-re-re-pero-no-la-encontro","status":"publish","type":"post","link":"https:\/\/hdpnoticias.com.ar\/?p=11164","title":{"rendered":"Bergia busc\u00f3 la re-re-re-re-re-re pero no la encontr\u00f3"},"content":{"rendered":"\n<p>Por Dar\u00edo Zarco |<\/p>\n\n\n\n<p><strong><a href=\"https:\/\/hdpnoticias.com.ar\/?p=351\">Juan Jos\u00e9 Bergia, el decano de la Legislatura chaque\u00f1a<\/a><\/strong>, compiti\u00f3 en las elecciones del \u00faltimo domingo con el objetivo de conservar su banca, la que obtuvo por primera vez en 2003. Pero no lo logr\u00f3.<\/p>\n\n\n\n<p>En aquel tiempo Bergia ven\u00eda por la mano radical de la pol\u00edtica. Integr\u00f3 la lista de la Alianza Frente de Todos, encabezada por la UCR, por la birome de \u00c1ngel Rozas, que dejaba el gobierno por un rato en manos de Roy Nikisch.<\/p>\n\n\n\n<p>En 2007 Bergia fue reelecto por el frente rozista. El resultado fue un 9 a 7 a favor de la Alanza Frente de Todas. Pero en la categor\u00eda Gobernador y Vice se impuso el frente Chaco Merece M\u00e1s y Jorge Capitanich llegaba al poder en su tercer intento, obturando el retorno de Rozas.<\/p>\n\n\n\n<p>En 2009 el oficialismo la dio vuelta: consigui\u00f3 9 diputados y la oposici\u00f3n 7. Esto part\u00eda el recinto por la mitad, paridad que qued\u00f3 de manifiesto a la hora de elegir las autoridades del Poder Legislativo. El empate 16-16 parec\u00eda no tener salida.<\/p>\n\n\n\n<p>El radicalismo impulsaba la reelecci\u00f3n de Alicia Mastandrea, pero Bergia se vot\u00f3 y lo votaron presidente, el primer presidente del coquismo. Los radicales lo acusaron de venderse. Pero \u00e9l se consideraba un patriota que evit\u00f3 la intervenci\u00f3n de la provincia que, seg\u00fan \u00e9l, ya estaba en camino por la indefinici\u00f3n en la C\u00e1mara.<\/p>\n\n\n\n<p>Jugar la personal le vali\u00f3 la expulsi\u00f3n de la UCR. \u00c9l se recicl\u00f3 y convirti\u00f3 su l\u00ednea interna radical Mopar en el partido Nepar, y se ali\u00f3 oficialmente al peronismo.<\/p>\n\n\n\n<p>En 2011 fue re-reelecto por el frente Chaco Merece M\u00e1s, y re-re-reelecto en 2015. En \u00e9sta \u00faltima oportunidad renunci\u00f3 r\u00e1pidamente para asumir como ministro en el gobierno de Domingo Peppo. Pero en 2017 volvi\u00f3 a la Legislatura, re-re-re-reelecto por el mismo Chaco Merece M\u00e1s.<\/p>\n\n\n\n<p>En 2021 sum\u00f3 otra re como candidato coquista. Pero este a\u00f1o no encontr\u00f3 lugar en la lista del reflotado Chaco Merece M\u00e1s que le dio tantas alegr\u00edas. Es que entre una elecci\u00f3n y otra <strong><a href=\"https:\/\/hdpnoticias.com.ar\/?p=4444\">Capitanich perdi\u00f3 la gobernaci\u00f3n frente a Leandro Zdero<\/a><\/strong>, y <strong><a href=\"https:\/\/hdpnoticias.com.ar\/?p=10727\">la torta que antes repart\u00eda a manos llenas se volvi\u00f3 un cupcake<\/a><\/strong>.<\/p>\n\n\n\n<p>Oficialista por antonomasia, empuj\u00f3 su banca para cruzar el pasillo buscando su zona de confort, <strong><a href=\"https:\/\/hdpnoticias.com.ar\/?p=10562\">cubriendo su retirada dispar\u00e1ndo cr\u00edticas hacia lo que dejaba atr\u00e1s<\/a><\/strong>, pero las elecciones tempranas lo dejaron sin margen de maniobra.<\/p>\n\n\n\n<p>Desahuciado, se lanz\u00f3 como cuentapropista con el Nuechi: Nuevo Espacio Chaque\u00f1o Independiente, un restyling de su Nepar. Confiaba en el aporte que pod\u00edan hacerle varios intendentes que considera propios, pero aportaron poco y nada.<\/p>\n\n\n\n<p>En los debates se present\u00f3 como un legislador experimentado, lo que para el vulgo significa \u201cel mismo de siempre\u201d, un perfil que choca de frente con el viralizado reclamo de renovaci\u00f3n que finalmente se impuso. &nbsp;<\/p>\n\n\n\n<p>En su debut con lista propia lleg\u00f3 detr\u00e1s de sus antepasados. El oficialista Chaco Puede + LLA, el opositor Chaco Merece M\u00e1s y Primero Chaco, se repartieron las 16 bancas en juego: 8, 6 y 2, respectivamente.<\/p>\n\n\n\n<p>Termin\u00f3 como la cuarta \u201cfuerza\u201d, si se puede llamar as\u00ed a 10.583 votos, un 2,06%. Para quedarse necesitaba 28.908, un mont\u00f3n que le demandar\u00eda unas 3 elecciones reunir. Le hubiera arrebatado una banca al coquismo, la misma que <strong><a href=\"https:\/\/hdpnoticias.com.ar\/?p=10669\">Capitanich finalmente despreciar\u00e1 con su candidatura testimonial<\/a><\/strong>.<\/p>\n\n\n\n<p>La re-re-re-re-re-reelecci\u00f3n tendr\u00e1 que esperar.<\/p>\n\n\n\n<p>La mitad del electorado del domingo nunca vio la Legislatura sin Bergia. Los padres de los &#8220;voto joven&#8221; ni se conoc\u00edan cuando Juanjo ya ten\u00eda un MC adentro.<\/p>\n\n\n\n<p>A los que esperaban verlo entrar por esa puerta como ocurri\u00f3 religiosamente durante m\u00e1s de 2 d\u00e9cadas, quiz\u00e1s los consuele saber que \u201cs\u00e9ptimas partes nunca fueron buenas\u201d.<\/p>\n","protected":false},"excerpt":{"rendered":"<p>Por Dar\u00edo Zarco | Juan Jos\u00e9 Bergia, el decano de la Legislatura chaque\u00f1a, compiti\u00f3 en las elecciones del \u00faltimo domingo con el objetivo de conservar su banca, la que obtuvo por primera vez en 2003. Pero no lo logr\u00f3. En aquel tiempo Bergia ven\u00eda por la mano radical de la pol\u00edtica. Integr\u00f3 la lista de [&hellip;]<\/p>\n","protected":false},"author":1,"featured_media":11165,"comment_status":"open","ping_status":"open","sticky":false,"template":"","format":"standard","meta":{"footnotes":""},"categories":[2],"tags":[44,29,4906,4683,682,1955,4907,1998,921],"class_list":["post-11164","post","type-post","status-publish","format-standard","has-post-thumbnail","hentry","category-editorial","tag-bergia","tag-capitanich","tag-chaco-merecemas","tag-chaco-puede","tag-diputado","tag-nikisch","tag-primerochaco","tag-rozas","tag-zdero"],"_links":{"self":[{"href":"https:\/\/hdpnoticias.com.ar\/index.php?rest_route=\/wp\/v2\/posts\/11164","targetHints":{"allow":["GET"]}}],"collection":[{"href":"https:\/\/hdpnoticias.com.ar\/index.php?rest_route=\/wp\/v2\/posts"}],"about":[{"href":"https:\/\/hdpnoticias.com.ar\/index.php?rest_route=\/wp\/v2\/types\/post"}],"author":[{"embeddable":true,"href":"https:\/\/hdpnoticias.com.ar\/index.php?rest_route=\/wp\/v2\/users\/1"}],"replies":[{"embeddable":true,"href":"https:\/\/hdpnoticias.com.ar\/index.php?rest_route=%2Fwp%2Fv2%2Fcomments&post=11164"}],"version-history":[{"count":3,"href":"https:\/\/hdpnoticias.com.ar\/index.php?rest_route=\/wp\/v2\/posts\/11164\/revisions"}],"predecessor-version":[{"id":11174,"href":"https:\/\/hdpnoticias.com.ar\/index.php?rest_route=\/wp\/v2\/posts\/11164\/revisions\/11174"}],"wp:featuredmedia":[{"embeddable":true,"href":"https:\/\/hdpnoticias.com.ar\/index.php?rest_route=\/wp\/v2\/media\/11165"}],"wp:attachment":[{"href":"https:\/\/hdpnoticias.com.ar\/index.php?rest_route=%2Fwp%2Fv2%2Fmedia&parent=11164"}],"wp:term":[{"taxonomy":"category","embeddable":true,"href":"https:\/\/hdpnoticias.com.ar\/index.php?rest_route=%2Fwp%2Fv2%2Fcategories&post=11164"},{"taxonomy":"post_tag","embeddable":true,"href":"https:\/\/hdpnoticias.com.ar\/index.php?rest_route=%2Fwp%2Fv2%2Ftags&post=11164"}],"curies":[{"name":"wp","href":"https:\/\/api.w.org\/{rel}","templated":true}]}}