{"id":11146,"date":"2025-05-12T23:23:00","date_gmt":"2025-05-13T02:23:00","guid":{"rendered":"https:\/\/hdpnoticias.com.ar\/?p=11146"},"modified":"2025-05-13T07:41:58","modified_gmt":"2025-05-13T10:41:58","slug":"candidato-coquista-quiso-hundir-a-zdero-pero-hundio-a-capitanich","status":"publish","type":"post","link":"https:\/\/hdpnoticias.com.ar\/?p=11146","title":{"rendered":"Candidato coquista quiso hundir a Zdero pero hundi\u00f3 a Capitanich"},"content":{"rendered":"\n<figure class=\"wp-block-image size-full\"><img loading=\"lazy\" decoding=\"async\" width=\"720\" height=\"90\" src=\"http:\/\/hdpnoticias.com.ar\/wp-content\/uploads\/2024\/05\/Copy-of-720x90-1.gif\" alt=\"\" class=\"wp-image-6806\"\/><\/figure>\n\n\n\n<p>Sebasti\u00e1n Ben\u00edtez Molas compiti\u00f3 el domingo como candidato a diputado provincial en la lista del frente opositor Chaco Merece M\u00e1s, encabezada por el trigobernador Jorge Capitanich, que fue derrotado por el oficialista Chaco Puede + LLA.<\/p>\n\n\n\n<p>El resultado adverso, como es natural, habr\u00e1 bajoneado a dirigentes y militantes coquistas, pero \u00e9l sac\u00f3 de la galera un balance altamente positivo para levantarles el \u00e1nimo; al parecer, ya en su sol de suplente de Capitanich, si \u00e9ste no asumiera su banca y prefiriera buscar nuevos horizontes.<\/p>\n\n\n\n<p>Entre otros aspectos analizados, resalt\u00f3 que \u201cZdero y Milei sacaron 113.686 votos menos que hace un a\u00f1o y medio\u201d, comparando el escrutinio de este domingo con el de las elecciones gubernamentales de 2023 en las que Leandro Zdero derrot\u00f3 en primera vuelta a Capitanich.<\/p>\n\n\n\n<p>Votos m\u00e1s, votos menos, la diferencia es esa. Pero hay un error: la reducci\u00f3n no corresponde al frente oficialista, sino al Chaco Merece M\u00e1s, que termin\u00f3 113.488 votos debajo de su performance anterior.<\/p>\n\n\n\n<p>El Chaco Puede de Zdero tambi\u00e9n cay\u00f3, aunque no tanto: esta vez tuvo 84.708 votos menos que en 2023.<\/p>\n\n\n\n<p>Y si sumamos a uno los votos del CER y al otro los de LLA, que aquella vez fueron separados y esta vez en juntos, la diferencia se ampl\u00eda para los 2 pero no altera el orden.<\/p>\n\n\n\n<p>Si las cosas fueran como dice Ben\u00edtez Molas, el ganador hubiera sido Capitanich.<\/p>\n\n\n\n<p>Profundizando el ejercicio podr\u00edamos comparar porcentajes: el frente de Zdero se mantuvo en torno a los 45 puntos, pero el de Capitanich cay\u00f3 de 44 a 33. Y hablando de bancas, el oficialismo repiti\u00f3 las 8 de 2023 mientras el coquismo baj\u00f3 de 8 a 6.<\/p>\n\n\n\n<p>Pero para sacar bien las cuentas, hay que considerar la cantidad de votantes de una y otra elecci\u00f3n, dato que tiene una incidencia clave en el resultado buscado.<\/p>\n\n\n\n<p>Al parecer, adem\u00e1s de perder respaldo electoral, tambi\u00e9n le perdieron la mano a las matem\u00e1ticas. Empezando por <strong><a href=\"https:\/\/hdpnoticias.com.ar\/?p=10979\">el mismo Coqui, que en los \u00faltimos d\u00edas de campa\u00f1a mand\u00f3 a sus seguidores a buscar 30 votos cada uno: \u201c500 x 30 da 30 mil\u201d<\/a><\/strong>, dijo. Y no, no daba.<\/p>\n\n\n\n<p>Como dec\u00edan las abuelas: \u201cComedido sale jodido\u201d.<\/p>\n","protected":false},"excerpt":{"rendered":"<p>Sebasti\u00e1n Ben\u00edtez Molas compiti\u00f3 el domingo como candidato a diputado provincial en la lista del frente opositor Chaco Merece M\u00e1s, encabezada por el trigobernador Jorge Capitanich, que fue derrotado por el oficialista Chaco Puede + LLA. El resultado adverso, como es natural, habr\u00e1 bajoneado a dirigentes y militantes coquistas, pero \u00e9l sac\u00f3 de la galera [&hellip;]<\/p>\n","protected":false},"author":1,"featured_media":11147,"comment_status":"open","ping_status":"open","sticky":false,"template":"","format":"standard","meta":{"footnotes":""},"categories":[1],"tags":[4899,29,4686,4683,246,4898,2254,921],"class_list":["post-11146","post","type-post","status-publish","format-standard","has-post-thumbnail","hentry","category-pescado-podrido","tag-benitez-molas","tag-capitanich","tag-chaco-merece-mas","tag-chaco-puede","tag-elecciones","tag-trigobernador","tag-votos","tag-zdero"],"_links":{"self":[{"href":"https:\/\/hdpnoticias.com.ar\/index.php?rest_route=\/wp\/v2\/posts\/11146","targetHints":{"allow":["GET"]}}],"collection":[{"href":"https:\/\/hdpnoticias.com.ar\/index.php?rest_route=\/wp\/v2\/posts"}],"about":[{"href":"https:\/\/hdpnoticias.com.ar\/index.php?rest_route=\/wp\/v2\/types\/post"}],"author":[{"embeddable":true,"href":"https:\/\/hdpnoticias.com.ar\/index.php?rest_route=\/wp\/v2\/users\/1"}],"replies":[{"embeddable":true,"href":"https:\/\/hdpnoticias.com.ar\/index.php?rest_route=%2Fwp%2Fv2%2Fcomments&post=11146"}],"version-history":[{"count":1,"href":"https:\/\/hdpnoticias.com.ar\/index.php?rest_route=\/wp\/v2\/posts\/11146\/revisions"}],"predecessor-version":[{"id":11148,"href":"https:\/\/hdpnoticias.com.ar\/index.php?rest_route=\/wp\/v2\/posts\/11146\/revisions\/11148"}],"wp:featuredmedia":[{"embeddable":true,"href":"https:\/\/hdpnoticias.com.ar\/index.php?rest_route=\/wp\/v2\/media\/11147"}],"wp:attachment":[{"href":"https:\/\/hdpnoticias.com.ar\/index.php?rest_route=%2Fwp%2Fv2%2Fmedia&parent=11146"}],"wp:term":[{"taxonomy":"category","embeddable":true,"href":"https:\/\/hdpnoticias.com.ar\/index.php?rest_route=%2Fwp%2Fv2%2Fcategories&post=11146"},{"taxonomy":"post_tag","embeddable":true,"href":"https:\/\/hdpnoticias.com.ar\/index.php?rest_route=%2Fwp%2Fv2%2Ftags&post=11146"}],"curies":[{"name":"wp","href":"https:\/\/api.w.org\/{rel}","templated":true}]}}