{"id":11142,"date":"2025-05-12T21:22:22","date_gmt":"2025-05-13T00:22:22","guid":{"rendered":"https:\/\/hdpnoticias.com.ar\/?p=11142"},"modified":"2025-05-12T21:26:16","modified_gmt":"2025-05-13T00:26:16","slug":"pio-sander-no-se-baja-el-intendente-dijo-que-pedira-licencia","status":"publish","type":"post","link":"https:\/\/hdpnoticias.com.ar\/?p=11142","title":{"rendered":"P\u00edo Sander no se baja: el intendente dijo que pedir\u00e1 licencia en Castelli"},"content":{"rendered":"\n<figure class=\"wp-block-image size-full\"><img loading=\"lazy\" decoding=\"async\" width=\"720\" height=\"90\" src=\"http:\/\/hdpnoticias.com.ar\/wp-content\/uploads\/2024\/05\/Obras-Publicas.gif\" alt=\"\" class=\"wp-image-6818\"\/><\/figure>\n\n\n\n<p>El intendente de Juan Jos\u00e9 Castelli: P\u00edo Sander fue electo diputado provincial este domingo, cuando compiti\u00f3 como candidato por el frente opositor Chaco Merece M\u00e1s, encabezado por el exgobernador Jorge Capitanich, que obtuvo 6 de las 16 bancas en juego.<\/p>\n\n\n\n<p>Desde el momento en que se conoci\u00f3 su candidatura se lo mencion\u00f3 como \u201ctestimonial\u201d, considerando que su mandato al frente de la Municipalidad finaliza en 2027.<\/p>\n\n\n\n<p>Sin embargo, este lunes, apenas horas despu\u00e9s de las elecciones en las que se impuso el oficialista Chaco Puede + LLA, Sander asegur\u00f3 que asumir\u00e1 como legislador: \u201cVoy a cumplir el compromiso que asum\u00ed ante la gente que nos respald\u00f3\u201d, dijo.<\/p>\n\n\n\n<p>Para eso, adelant\u00f3 que solicitar\u00e1 licencia hasta la finalizaci\u00f3n de su mandato. Su lugar ser\u00e1 ocupado por la presidente del Concejo: Karina Soledad Rach,<\/p>\n\n\n\n<p>El cuerpo est\u00e1 integrado por 5 concejales del Frente Chaque\u00f1o liderado por el PJ, y 4 de Juntos por el Cambio. Con la salida de la presidente, las bancas se dividir\u00e1n en partes iguales entre oficialismo y oposici\u00f3n, lo que podr\u00eda implicar una dificultad para la gesti\u00f3n, pero \u00e9l cree que no habr\u00e1 mayores inconvenientes: \u201cTenemos muy buena relaci\u00f3n\u201d, confi\u00f3.<\/p>\n","protected":false},"excerpt":{"rendered":"<p>El intendente de Juan Jos\u00e9 Castelli: P\u00edo Sander fue electo diputado provincial este domingo, cuando compiti\u00f3 como candidato por el frente opositor Chaco Merece M\u00e1s, encabezado por el exgobernador Jorge Capitanich, que obtuvo 6 de las 16 bancas en juego. Desde el momento en que se conoci\u00f3 su candidatura se lo mencion\u00f3 como \u201ctestimonial\u201d, considerando [&hellip;]<\/p>\n","protected":false},"author":1,"featured_media":11143,"comment_status":"open","ping_status":"open","sticky":false,"template":"","format":"standard","meta":{"footnotes":""},"categories":[27],"tags":[29,129,4686,4683,682,1400,3627,4751],"class_list":["post-11142","post","type-post","status-publish","format-standard","has-post-thumbnail","hentry","category-politica","tag-capitanich","tag-castelli","tag-chaco-merece-mas","tag-chaco-puede","tag-diputado","tag-intendente","tag-licencia","tag-testimonial"],"_links":{"self":[{"href":"https:\/\/hdpnoticias.com.ar\/index.php?rest_route=\/wp\/v2\/posts\/11142","targetHints":{"allow":["GET"]}}],"collection":[{"href":"https:\/\/hdpnoticias.com.ar\/index.php?rest_route=\/wp\/v2\/posts"}],"about":[{"href":"https:\/\/hdpnoticias.com.ar\/index.php?rest_route=\/wp\/v2\/types\/post"}],"author":[{"embeddable":true,"href":"https:\/\/hdpnoticias.com.ar\/index.php?rest_route=\/wp\/v2\/users\/1"}],"replies":[{"embeddable":true,"href":"https:\/\/hdpnoticias.com.ar\/index.php?rest_route=%2Fwp%2Fv2%2Fcomments&post=11142"}],"version-history":[{"count":2,"href":"https:\/\/hdpnoticias.com.ar\/index.php?rest_route=\/wp\/v2\/posts\/11142\/revisions"}],"predecessor-version":[{"id":11145,"href":"https:\/\/hdpnoticias.com.ar\/index.php?rest_route=\/wp\/v2\/posts\/11142\/revisions\/11145"}],"wp:featuredmedia":[{"embeddable":true,"href":"https:\/\/hdpnoticias.com.ar\/index.php?rest_route=\/wp\/v2\/media\/11143"}],"wp:attachment":[{"href":"https:\/\/hdpnoticias.com.ar\/index.php?rest_route=%2Fwp%2Fv2%2Fmedia&parent=11142"}],"wp:term":[{"taxonomy":"category","embeddable":true,"href":"https:\/\/hdpnoticias.com.ar\/index.php?rest_route=%2Fwp%2Fv2%2Fcategories&post=11142"},{"taxonomy":"post_tag","embeddable":true,"href":"https:\/\/hdpnoticias.com.ar\/index.php?rest_route=%2Fwp%2Fv2%2Ftags&post=11142"}],"curies":[{"name":"wp","href":"https:\/\/api.w.org\/{rel}","templated":true}]}}