{"id":11122,"date":"2025-05-11T20:20:46","date_gmt":"2025-05-11T23:20:46","guid":{"rendered":"https:\/\/hdpnoticias.com.ar\/?p=11122"},"modified":"2025-05-11T20:20:49","modified_gmt":"2025-05-11T23:20:49","slug":"capitanich-reconocio-la-derrota-y-volvio-a-quejarse-de-la-campana-negativa","status":"publish","type":"post","link":"https:\/\/hdpnoticias.com.ar\/?p=11122","title":{"rendered":"Capitanich reconoci\u00f3 la derrota y volvi\u00f3 a quejarse de la \u201ccampa\u00f1a negativa\u201d"},"content":{"rendered":"\n<figure class=\"wp-block-image size-full\"><img loading=\"lazy\" decoding=\"async\" width=\"728\" height=\"90\" src=\"http:\/\/hdpnoticias.com.ar\/wp-content\/uploads\/2024\/05\/Nachec.gif\" alt=\"\" class=\"wp-image-6814\"\/><\/figure>\n\n\n\n<p>El exgobernador Jorge Capitanich, primer candidato a diputado provincial por el frente opositor Chaco Merece M\u00e1s, fue el primero en asomar tras el cierre de los comicios de este domingo.<\/p>\n\n\n\n<p>Aproximadamente a las 19:45, ofreci\u00f3 una conferencia de prensa en la sede del Partido Justicialista y, aunque no lo hizo expresamente, admiti\u00f3 un triunfo del oficialismo.<\/p>\n\n\n\n<p>A esa hora se hab\u00edan computado el 26% de las mesas y el frente oficialista Chaco Puede + LLA, encabezado por Julio Ferro, consegu\u00eda el 44% de los votos, contra el &nbsp;35 de Chaco Merece M\u00e1s. En el tercer lugar se ubicaba el frente Primero Chaco, que postulaba al diputado Atlanto Honcheruk y la intendente de Barranqueras: Magda Ayala, en los primeros lugares.<\/p>\n\n\n\n<p>Con esta tendencia, el oficialismo consegu\u00eda 8 bancas, Chaco Merece M\u00e1s 6 y Primero Chaco 2.<\/p>\n\n\n\n<p>\u201cEra algo que estaba dentro de las posibilidades\u201d, dijo Capitanich, y volvi\u00f3 a quejarse por lo que considera una campa\u00f1a negativa en su contra.<\/p>\n","protected":false},"excerpt":{"rendered":"<p>El exgobernador Jorge Capitanich, primer candidato a diputado provincial por el frente opositor Chaco Merece M\u00e1s, fue el primero en asomar tras el cierre de los comicios de este domingo. Aproximadamente a las 19:45, ofreci\u00f3 una conferencia de prensa en la sede del Partido Justicialista y, aunque no lo hizo expresamente, admiti\u00f3 un triunfo del [&hellip;]<\/p>\n","protected":false},"author":1,"featured_media":11123,"comment_status":"open","ping_status":"open","sticky":false,"template":"","format":"standard","meta":{"footnotes":""},"categories":[27],"tags":[29,4686,4683,71,246,1204,1523,4895,4714],"class_list":["post-11122","post","type-post","status-publish","format-standard","has-post-thumbnail","hentry","category-politica","tag-capitanich","tag-chaco-merece-mas","tag-chaco-puede","tag-diputados","tag-elecciones","tag-ferro","tag-honcheruk","tag-mgda","tag-primero-chaco"],"_links":{"self":[{"href":"https:\/\/hdpnoticias.com.ar\/index.php?rest_route=\/wp\/v2\/posts\/11122","targetHints":{"allow":["GET"]}}],"collection":[{"href":"https:\/\/hdpnoticias.com.ar\/index.php?rest_route=\/wp\/v2\/posts"}],"about":[{"href":"https:\/\/hdpnoticias.com.ar\/index.php?rest_route=\/wp\/v2\/types\/post"}],"author":[{"embeddable":true,"href":"https:\/\/hdpnoticias.com.ar\/index.php?rest_route=\/wp\/v2\/users\/1"}],"replies":[{"embeddable":true,"href":"https:\/\/hdpnoticias.com.ar\/index.php?rest_route=%2Fwp%2Fv2%2Fcomments&post=11122"}],"version-history":[{"count":1,"href":"https:\/\/hdpnoticias.com.ar\/index.php?rest_route=\/wp\/v2\/posts\/11122\/revisions"}],"predecessor-version":[{"id":11124,"href":"https:\/\/hdpnoticias.com.ar\/index.php?rest_route=\/wp\/v2\/posts\/11122\/revisions\/11124"}],"wp:featuredmedia":[{"embeddable":true,"href":"https:\/\/hdpnoticias.com.ar\/index.php?rest_route=\/wp\/v2\/media\/11123"}],"wp:attachment":[{"href":"https:\/\/hdpnoticias.com.ar\/index.php?rest_route=%2Fwp%2Fv2%2Fmedia&parent=11122"}],"wp:term":[{"taxonomy":"category","embeddable":true,"href":"https:\/\/hdpnoticias.com.ar\/index.php?rest_route=%2Fwp%2Fv2%2Fcategories&post=11122"},{"taxonomy":"post_tag","embeddable":true,"href":"https:\/\/hdpnoticias.com.ar\/index.php?rest_route=%2Fwp%2Fv2%2Ftags&post=11122"}],"curies":[{"name":"wp","href":"https:\/\/api.w.org\/{rel}","templated":true}]}}