{"id":1112,"date":"2023-03-04T15:42:56","date_gmt":"2023-03-04T18:42:56","guid":{"rendered":"http:\/\/hdpnoticias.com.ar\/?p=1112"},"modified":"2023-03-04T21:06:27","modified_gmt":"2023-03-05T00:06:27","slug":"el-periodista-victor-sanchez-y-su-esposa-murieron-en-brutal-accidente-en-santa-fe","status":"publish","type":"post","link":"https:\/\/hdpnoticias.com.ar\/?p=1112","title":{"rendered":"El periodista V\u00edctor S\u00e1nchez y su esposa murieron en brutal accidente en Santa Fe"},"content":{"rendered":"\n<p>El periodista chaque\u00f1o V\u00edctor S\u00e1nchez y su esposa Lili\u00e1n Chand\u00eda, ambos de 44 a\u00f1os, murieron la ma\u00f1ana de este s\u00e1bado en un tremendo accidente de tr\u00e1nsito en la ruta nacional 11, en Santa Fe.<\/p>\n\n\n\n<p>Viajaban en un Toyota Corolla conducido por Natalia Delb\u00f3n, de 37 a\u00f1os, ejecutiva del NBCH de Barranqueras, cuando en el kil\u00f3metro 768, unos 20 kil\u00f3metros al sur de Reconquista, en jurisdicci\u00f3n de Berna, alrededor de las 7, impactaron de frente con un cami\u00f3n Scania, comandado por Juan Recalde Segovia, paraguayo, de 54 a\u00f1os.<\/p>\n\n\n\n<p>Tras el impacto, los 2 veh\u00edculos terminaron en la banquina, a unos 20 metros de la cinta asf\u00e1ltica.<\/p>\n\n\n\n<p>V\u00edctor y Lili\u00e1n murieron en el acto. La conductora del auto fue auxiliada y hospitalizada, y se encuentra grave.<\/p>\n\n\n\n<p>Aunque la investigaci\u00f3n a\u00fan est\u00e1 en ciernes, pero por la posici\u00f3n de cami\u00f3n y del auto incrustado en su cabina, todo indica que el cami\u00f3n cambi\u00f3 de carril y lo \u201cbarri\u00f3\u201d en su carrera hacia la banquina contraria.<\/p>\n\n\n\n<p>V\u00edctor S\u00e1nchez se desempe\u00f1\u00f3 en varios medios, desde la corresponsal\u00eda de TN, condujo espacios radiales y televisivos, hasta su \u00faltimo rol en la comunicaci\u00f3n del Movimiento Emerenciano. Su muerte conmociona al periodismo local.<\/p>\n","protected":false},"excerpt":{"rendered":"<p>El periodista chaque\u00f1o V\u00edctor S\u00e1nchez y su esposa Lili\u00e1n Chand\u00eda, ambos de 44 a\u00f1os, murieron la ma\u00f1ana de este s\u00e1bado en un tremendo accidente de tr\u00e1nsito en la ruta nacional 11, en Santa Fe. Viajaban en un Toyota Corolla conducido por Natalia Delb\u00f3n, de 37 a\u00f1os, ejecutiva del NBCH de Barranqueras, cuando en el kil\u00f3metro [&hellip;]<\/p>\n","protected":false},"author":1,"featured_media":1113,"comment_status":"open","ping_status":"open","sticky":false,"template":"","format":"standard","meta":{"footnotes":""},"categories":[26],"tags":[823,37,688,793,204,822,539,821,716,754,390],"class_list":["post-1112","post","type-post","status-publish","format-standard","has-post-thumbnail","hentry","category-policiales","tag-berna","tag-chaco","tag-corolla","tag-emerenciano","tag-periodista","tag-reconquista","tag-ruta-11","tag-sanchez","tag-santa-fe","tag-scania","tag-toyota"],"_links":{"self":[{"href":"https:\/\/hdpnoticias.com.ar\/index.php?rest_route=\/wp\/v2\/posts\/1112","targetHints":{"allow":["GET"]}}],"collection":[{"href":"https:\/\/hdpnoticias.com.ar\/index.php?rest_route=\/wp\/v2\/posts"}],"about":[{"href":"https:\/\/hdpnoticias.com.ar\/index.php?rest_route=\/wp\/v2\/types\/post"}],"author":[{"embeddable":true,"href":"https:\/\/hdpnoticias.com.ar\/index.php?rest_route=\/wp\/v2\/users\/1"}],"replies":[{"embeddable":true,"href":"https:\/\/hdpnoticias.com.ar\/index.php?rest_route=%2Fwp%2Fv2%2Fcomments&post=1112"}],"version-history":[{"count":2,"href":"https:\/\/hdpnoticias.com.ar\/index.php?rest_route=\/wp\/v2\/posts\/1112\/revisions"}],"predecessor-version":[{"id":1119,"href":"https:\/\/hdpnoticias.com.ar\/index.php?rest_route=\/wp\/v2\/posts\/1112\/revisions\/1119"}],"wp:featuredmedia":[{"embeddable":true,"href":"https:\/\/hdpnoticias.com.ar\/index.php?rest_route=\/wp\/v2\/media\/1113"}],"wp:attachment":[{"href":"https:\/\/hdpnoticias.com.ar\/index.php?rest_route=%2Fwp%2Fv2%2Fmedia&parent=1112"}],"wp:term":[{"taxonomy":"category","embeddable":true,"href":"https:\/\/hdpnoticias.com.ar\/index.php?rest_route=%2Fwp%2Fv2%2Fcategories&post=1112"},{"taxonomy":"post_tag","embeddable":true,"href":"https:\/\/hdpnoticias.com.ar\/index.php?rest_route=%2Fwp%2Fv2%2Ftags&post=1112"}],"curies":[{"name":"wp","href":"https:\/\/api.w.org\/{rel}","templated":true}]}}