{"id":11111,"date":"2025-05-11T08:17:18","date_gmt":"2025-05-11T11:17:18","guid":{"rendered":"https:\/\/hdpnoticias.com.ar\/?p=11111"},"modified":"2025-05-11T11:54:28","modified_gmt":"2025-05-11T14:54:28","slug":"turismo-electoral-una-escapadita-en-boleta-corta","status":"publish","type":"post","link":"https:\/\/hdpnoticias.com.ar\/?p=11111","title":{"rendered":"Turismo electoral: una escapadita en boleta corta"},"content":{"rendered":"\n<figure class=\"wp-block-image size-full\"><img loading=\"lazy\" decoding=\"async\" width=\"728\" height=\"90\" src=\"http:\/\/hdpnoticias.com.ar\/wp-content\/uploads\/2024\/05\/Nachec.gif\" alt=\"\" class=\"wp-image-6814\"\/><\/figure>\n\n\n\n<p>Por Dar\u00edo Zarco |<\/p>\n\n\n\n<p>\u201cNi empedo. A m\u00ed no me agarran m\u00e1s. Este a\u00f1o termino mi mandato y no me ven m\u00e1s el pelo\u201d, respondi\u00f3 el senador Jorge Capitanich cuando le pregunt\u00e9 si insistir\u00eda con una candidatura a gobernador en 2007, teniendo en cuenta que \u201cno hay 2 sin 3\u201d y que \u201cla tercera es la vencida\u201d, pero fundamentalmente porque era el \u00fanico peronista que med\u00eda algo digno en la primera encuesta del a\u00f1o. Atr\u00e1s ven\u00edan&nbsp; los intendentes Domingo Peppo, de Villa \u00c1ngela, y Aldo Leiva, de General San Mart\u00edn. \u00c9l estaba fabricando un candidato que sal\u00eda todos los d\u00edas en los diarios pero nunca rompi\u00f3 el cero.<\/p>\n\n\n\n<p>\u201cNo quiero saber nada m\u00e1s con el Chaco\u201d, insisti\u00f3 desde Buenos Aires, tan porte\u00f1o que me invit\u00f3 un \u201cfeca\u201d, alg\u00fan d\u00eda, para seguir charlando.<\/p>\n\n\n\n<p>Pero cambi\u00f3 de idea y un par de meses despu\u00e9s se largaba como candidato a gobernador y a la reelecci\u00f3n como senador a la vez.<\/p>\n\n\n\n<p>El diputado provincial Gustavo \u201cGustavito\u201d Mart\u00ednez le tir\u00f3 los guantes y fueron a internas bien temprano por la gobernaci\u00f3n.<\/p>\n\n\n\n<p>Gustavo cerr\u00f3 aquella campa\u00f1a en la Sociedad Rural con un multitudinario asado (eran otros tiempos), y qued\u00f3 af\u00f3nico grit\u00e1ndole \u201cturista electoral\u201d. T\u00e1citamente, insisti\u00f3: \u201cAlgunos vienen cada 2 a\u00f1os a buscar un cargo y despu\u00e9s se vuelven a Buenos Aires, y se olvidan de los chaque\u00f1os\u201d. No lo nombr\u00f3, no hac\u00eda falta.<\/p>\n\n\n\n<p>Ese domingo gan\u00f3 Capitanich y en la primera sesi\u00f3n despu\u00e9s de las elecciones, Gustavo repiti\u00f3 todo lo que hab\u00eda dicho de \u00e9l y algo m\u00e1s, mientras a 2 bancas de ah\u00ed la diputada Sandra Mendoza, todav\u00eda pareja del ganador, festejaba el triunfo con sorna.<\/p>\n\n\n\n<p>Nadie cre\u00eda que Capitanich pod\u00eda llegar a la gobernaci\u00f3n; ni \u00e9l. El presidente N\u00e9stor Kirchner no tuvo tiempo para bendecirlo porque estaba ocupado tratando de convertir a Roy Nikisch en un gobernador radical K. Varios intendentes lo consideraban un lastre y desdoblaron sus elecciones, entre ellos el mismo Peppo.<\/p>\n\n\n\n<p>El duelo con el radical \u00c1ngel Rozas termin\u00f3 cabeza a cabeza y el escrutinio dur\u00f3 semanas. Mientras, se aferraba con todas sus fuerzas a la senadur\u00eda, que reci\u00e9n solt\u00f3 cuando le confirmaron el triunfo como gobernador.<\/p>\n\n\n\n<p>Desde entonces fue 2 veces gobernador, despu\u00e9s intendente de Resistencia y otra vez gobernador, y siempre candidato a senador, titular o suplente, testimonialmente, pero estaba ah\u00ed.<\/p>\n\n\n\n<p>Ahora no hay opci\u00f3n, es candidato a diputado provincial, todos dicen: testimonial. Pero cuando le preguntan si asumir\u00e1 un cargo local, se ofende y da todas las vueltas posibles para no responder, y no responde. Y recuerda que lo llamaron \u201cturista electoral\u201d y sin embargo se qued\u00f3.<\/p>\n\n\n\n<p>Es que si su Chaco Merece M\u00e1s consigue 7 diputados, alguien tiene que bajarse para hacerle lugar en la C\u00e1mara a Eli Cuesta, la pata gustavista que va octava, sin la cual no habr\u00eda \u201cperonismo unido\u201d. Y si en vez de 7 son 6, los testimoniales ser\u00edan 2.<\/p>\n\n\n\n<p>Despu\u00e9s de<strong><a href=\"https:\/\/hdpnoticias.com.ar\/?p=4444\"> la derrota ante Leandro Zdero<\/a><\/strong>, Capitanich aprendi\u00f3 que todo suma, y pag\u00f3 cualquier precio por la unidad, humill\u00e1ndose al pedirle la escupidera al tipo que m\u00e1s detesta, el mismo al que hasta reci\u00e9n llam\u00f3 traidor por largarse por afuera la \u00faltima vez.<\/p>\n\n\n\n<p>Y como antes fue Gustavo, ahora la coartada frente a la hip\u00f3tesis de derrota es la intendente Magda Ayala que este domingo, con el diputado Atlanto Honcheruk, debuta con frente propio. En 2023 ella le gan\u00f3 por m\u00e1s de 5 mil votos en Barranqueras, y 2 a\u00f1os despu\u00e9s, a<strong><a href=\"https:\/\/hdpnoticias.com.ar\/?p=11052\"> gritos, la acusa de cortar boleta<\/a><\/strong>, como si la voluntad popular fuera un bricolaje.<\/p>\n\n\n\n<p>2 lugares debajo de Capitanich en lista est\u00e1 el intendente de Juan Jos\u00e9 Castelli: P\u00edo Sander, que tambi\u00e9n le gan\u00f3 en las mismas elecciones, lo que deber\u00eda definirlo como \u201ctraidor\u201d, pero para \u00e9l no hay reproches. Seg\u00fan las malas lenguas, es el segundo testimonial.<\/p>\n\n\n\n<p>\u00bfAsumir\u00e1 Capitanich en la Legislatura provincial o volver\u00e1 al Baires de sus amores? Sus partidarios dicen que para un reci\u00e9n llegado de varios meses de vacaciones en Europa, que siempre cree estar para cosas mayores, esto es un simple d\u00eda de paseo.<\/p>\n\n\n\n<p>A pesar de todo, \u00e9l sabe que sin elecciones provinciales no habr\u00e1 nacionales. Y que sin nacionales ser\u00e1 dif\u00edcil llegar a 2027. La buena noticia es que esta boleta corta no se puede cortar.<\/p>\n","protected":false},"excerpt":{"rendered":"<p>Por Dar\u00edo Zarco | \u201cNi empedo. A m\u00ed no me agarran m\u00e1s. Este a\u00f1o termino mi mandato y no me ven m\u00e1s el pelo\u201d, respondi\u00f3 el senador Jorge Capitanich cuando le pregunt\u00e9 si insistir\u00eda con una candidatura a gobernador en 2007, teniendo en cuenta que \u201cno hay 2 sin 3\u201d y que \u201cla tercera es [&hellip;]<\/p>\n","protected":false},"author":1,"featured_media":11112,"comment_status":"open","ping_status":"open","sticky":false,"template":"","format":"standard","meta":{"footnotes":""},"categories":[2],"tags":[4890,29,4686,2508,682,3813,242,1881,1752,4751,4889,921],"class_list":["post-11111","post","type-post","status-publish","format-standard","has-post-thumbnail","hentry","category-editorial","tag-baires","tag-capitanich","tag-chaco-merece-mas","tag-derrota","tag-diputado","tag-europa","tag-gustavo","tag-magda","tag-sander","tag-testimonial","tag-turista","tag-zdero"],"_links":{"self":[{"href":"https:\/\/hdpnoticias.com.ar\/index.php?rest_route=\/wp\/v2\/posts\/11111","targetHints":{"allow":["GET"]}}],"collection":[{"href":"https:\/\/hdpnoticias.com.ar\/index.php?rest_route=\/wp\/v2\/posts"}],"about":[{"href":"https:\/\/hdpnoticias.com.ar\/index.php?rest_route=\/wp\/v2\/types\/post"}],"author":[{"embeddable":true,"href":"https:\/\/hdpnoticias.com.ar\/index.php?rest_route=\/wp\/v2\/users\/1"}],"replies":[{"embeddable":true,"href":"https:\/\/hdpnoticias.com.ar\/index.php?rest_route=%2Fwp%2Fv2%2Fcomments&post=11111"}],"version-history":[{"count":3,"href":"https:\/\/hdpnoticias.com.ar\/index.php?rest_route=\/wp\/v2\/posts\/11111\/revisions"}],"predecessor-version":[{"id":11118,"href":"https:\/\/hdpnoticias.com.ar\/index.php?rest_route=\/wp\/v2\/posts\/11111\/revisions\/11118"}],"wp:featuredmedia":[{"embeddable":true,"href":"https:\/\/hdpnoticias.com.ar\/index.php?rest_route=\/wp\/v2\/media\/11112"}],"wp:attachment":[{"href":"https:\/\/hdpnoticias.com.ar\/index.php?rest_route=%2Fwp%2Fv2%2Fmedia&parent=11111"}],"wp:term":[{"taxonomy":"category","embeddable":true,"href":"https:\/\/hdpnoticias.com.ar\/index.php?rest_route=%2Fwp%2Fv2%2Fcategories&post=11111"},{"taxonomy":"post_tag","embeddable":true,"href":"https:\/\/hdpnoticias.com.ar\/index.php?rest_route=%2Fwp%2Fv2%2Ftags&post=11111"}],"curies":[{"name":"wp","href":"https:\/\/api.w.org\/{rel}","templated":true}]}}