{"id":11108,"date":"2025-05-10T17:12:13","date_gmt":"2025-05-10T20:12:13","guid":{"rendered":"https:\/\/hdpnoticias.com.ar\/?p=11108"},"modified":"2025-05-10T17:12:16","modified_gmt":"2025-05-10T20:12:16","slug":"video-ingratos-caraduras-capitanich-contra-periodistas-que-se-enriquecieron-con-su-pauta","status":"publish","type":"post","link":"https:\/\/hdpnoticias.com.ar\/?p=11108","title":{"rendered":"VIDEO | \u00a1Ingratos, caraduras!: Capitanich contra periodistas que \u201cse enriquecieron\u201d con su pauta"},"content":{"rendered":"\n<figure class=\"wp-block-image size-full\"><img loading=\"lazy\" decoding=\"async\" width=\"720\" height=\"90\" src=\"http:\/\/hdpnoticias.com.ar\/wp-content\/uploads\/2024\/05\/Copy-of-720x90-1.gif\" alt=\"\" class=\"wp-image-6806\"\/><\/figure>\n\n\n\n<p>El exgobernador Jorge Capitanich, candidato a diputado provincial por el frente opositor Chaco Merece M\u00e1s, volvi\u00f3 a quejarse por lo que considera como un \u201cmanejo discrecional\u201d de la pauta publicitaria oficial por parte del gobierno de Leandro Zdero.<\/p>\n\n\n\n<p>Desde su perspectiva, los medios lo atacan con \u201cmentiras\u201d, como define a las noticias referidas a los presuntos hechos de corrupci\u00f3n de su gesti\u00f3n, investigados en varias causas tanto por la Justicia ordinaria como por la federal, en las que ya hay funcionarios y dirigentes piqueteros aliados suyos detenidos.<\/p>\n\n\n\n<p>Pero, mientras denunciaba periodistas \u201censobrados\u201d, en una entrevista en Chaco TV Stream, se quej\u00f3 por la ingratitud de periodistas y medios que le dieron la espalda. \u201cAlgunos vivieron gracias a nosotros, que se hicieron ricos con nosotros\u201d, confes\u00f3, admitiendo tambi\u00e9n un manejo arbitrario, discrecional y, evidentemente, desproporcionado de la pauta oficial.<\/p>\n\n\n\n<p>\u201cPor lo menos no sean caraduras, no mientan\u201d, reclam\u00f3.<\/p>\n\n\n\n<p>Y aunque prefiri\u00f3 no dar nombres, sus interlocutores lo hab\u00edan interrogado sobre cierto giro editorial de \u201cRubiolo\u201d y \u201cWajcman\u201d. \u201cYa en su gobierno eran importantes, aunque ahora quiz\u00e1s usted los ve desde otro lugar\u201d, le graficaron. Tambi\u00e9n le apuntaron \u201cOlivello\u201d, el polic\u00eda retirado, devenido en periodista, que fue funcionario de su gabinete, aunque \u00e9l consider\u00f3 su incursi\u00f3n como <strong><a href=\"https:\/\/hdpnoticias.com.ar\/?p=11068\">un fracaso<\/a><\/strong>.<\/p>\n\n\n\n<iframe loading=\"lazy\" src=\"https:\/\/www.facebook.com\/plugins\/video.php?height=346&#038;href=https%3A%2F%2Fwww.facebook.com%2Fhdpchaco%2Fvideos%2F3229933240494749%2F&#038;show_text=false&#038;width=560&#038;t=0\" width=\"560\" height=\"346\" style=\"border:none;overflow:hidden\" scrolling=\"no\" frameborder=\"0\" allowfullscreen=\"true\" allow=\"autoplay; clipboard-write; encrypted-media; picture-in-picture; web-share\" allowFullScreen=\"true\"><\/iframe>\n","protected":false},"excerpt":{"rendered":"<p>El exgobernador Jorge Capitanich, candidato a diputado provincial por el frente opositor Chaco Merece M\u00e1s, volvi\u00f3 a quejarse por lo que considera como un \u201cmanejo discrecional\u201d de la pauta publicitaria oficial por parte del gobierno de Leandro Zdero. Desde su perspectiva, los medios lo atacan con \u201cmentiras\u201d, como define a las noticias referidas a los [&hellip;]<\/p>\n","protected":false},"author":1,"featured_media":11109,"comment_status":"open","ping_status":"open","sticky":false,"template":"","format":"standard","meta":{"footnotes":""},"categories":[1,27],"tags":[29,37,682,4886,244,950,4888,4887,1246],"class_list":["post-11108","post","type-post","status-publish","format-standard","has-post-thumbnail","hentry","category-pescado-podrido","category-politica","tag-capitanich","tag-chaco","tag-diputado","tag-ensobrados","tag-gobernador","tag-pauta","tag-ricos","tag-rubiolo","tag-wajcman"],"_links":{"self":[{"href":"https:\/\/hdpnoticias.com.ar\/index.php?rest_route=\/wp\/v2\/posts\/11108","targetHints":{"allow":["GET"]}}],"collection":[{"href":"https:\/\/hdpnoticias.com.ar\/index.php?rest_route=\/wp\/v2\/posts"}],"about":[{"href":"https:\/\/hdpnoticias.com.ar\/index.php?rest_route=\/wp\/v2\/types\/post"}],"author":[{"embeddable":true,"href":"https:\/\/hdpnoticias.com.ar\/index.php?rest_route=\/wp\/v2\/users\/1"}],"replies":[{"embeddable":true,"href":"https:\/\/hdpnoticias.com.ar\/index.php?rest_route=%2Fwp%2Fv2%2Fcomments&post=11108"}],"version-history":[{"count":1,"href":"https:\/\/hdpnoticias.com.ar\/index.php?rest_route=\/wp\/v2\/posts\/11108\/revisions"}],"predecessor-version":[{"id":11110,"href":"https:\/\/hdpnoticias.com.ar\/index.php?rest_route=\/wp\/v2\/posts\/11108\/revisions\/11110"}],"wp:featuredmedia":[{"embeddable":true,"href":"https:\/\/hdpnoticias.com.ar\/index.php?rest_route=\/wp\/v2\/media\/11109"}],"wp:attachment":[{"href":"https:\/\/hdpnoticias.com.ar\/index.php?rest_route=%2Fwp%2Fv2%2Fmedia&parent=11108"}],"wp:term":[{"taxonomy":"category","embeddable":true,"href":"https:\/\/hdpnoticias.com.ar\/index.php?rest_route=%2Fwp%2Fv2%2Fcategories&post=11108"},{"taxonomy":"post_tag","embeddable":true,"href":"https:\/\/hdpnoticias.com.ar\/index.php?rest_route=%2Fwp%2Fv2%2Ftags&post=11108"}],"curies":[{"name":"wp","href":"https:\/\/api.w.org\/{rel}","templated":true}]}}