{"id":11105,"date":"2025-05-10T16:31:55","date_gmt":"2025-05-10T19:31:55","guid":{"rendered":"https:\/\/hdpnoticias.com.ar\/?p=11105"},"modified":"2025-05-10T16:31:58","modified_gmt":"2025-05-10T19:31:58","slug":"el-impenetrable-trasladan-en-helicoptero-de-corrientes-2-pacientes-hasta-castelli","status":"publish","type":"post","link":"https:\/\/hdpnoticias.com.ar\/?p=11105","title":{"rendered":"El Impenetrable: trasladan en helic\u00f3ptero de Corrientes 2 pacientes hasta Castelli"},"content":{"rendered":"\n<figure class=\"wp-block-image size-full\"><img loading=\"lazy\" decoding=\"async\" width=\"728\" height=\"90\" src=\"http:\/\/hdpnoticias.com.ar\/wp-content\/uploads\/2024\/05\/Nachec.gif\" alt=\"\" class=\"wp-image-6814\"\/><\/figure>\n\n\n\n<p>El Gobierno del Chaco no cuenta con helic\u00f3ptero en su flota: el Bell 407 LQ-ZPR fue declarado en desuso en 2022 por el entonces gobernador Jorge Capitanich, que lo consider\u00f3 y expirada su vida \u00fatil.<\/p>\n\n\n\n<p>Por eso fue rematado pr\u00e1cticamente como chatarra y adquirido por la compa\u00f1\u00eda JasFly SA, dedicada al servicio de taxi a\u00e9reo. <strong><a href=\"https:\/\/hdpnoticias.com.ar\/?p=11061\">Llamativamente, nunca dej\u00f3 de volar y hasta integra la flota de reserva del Sistema Nacional de Manejo del Fuego<\/a><\/strong> y combati\u00f3 varios incendios descomunales en la Patagonia. Adem\u00e1s, es utilizado para entrenamiento de bomberos y voluntarios para este tipo de siniestros.<\/p>\n\n\n\n<p>Sin helic\u00f3ptero, Chaco no tiene opciones para traslados sanitarios en condiciones como las actuales en lugares inh\u00f3spitos de El Impenetrable, donde el mal estado de los caminos de tierra no permite el tr\u00e1nsito de las ambulancias, y el avi\u00f3n sanitario no puede aterrizar por la falta de una pista de concreto.<\/p>\n\n\n\n<p>\u201cTenemos un helic\u00f3ptero a disposici\u00f3n\u201d, dijo el gobernador Leandro Zdero el \u00faltimo jueves. Se refer\u00eda a un Bell 429 LQ-FVD ofrecido por el gobernador de Corrientes: Gustavo Valdes, propiedad del Gobierno de Corrientes.<\/p>\n\n\n\n<p>Este s\u00e1bado, la aeronave correntina permiti\u00f3 el traslado de 2 embarazadas a punto de dar a luz desde El Sauzalito hasta el hospital de Juan Jos\u00e9 Castelli. Un gesto que no s\u00f3lo fue agradecido institucionalmente sino por toda la comunidad.<\/p>\n\n\n\n<p>No es la primera vez que este helic\u00f3ptero vuela en la provincia. Ya fue utilizado durante el gobierno de Domingo Peppo, durante la visita del entonces presidente de la Naci\u00f3n: Mauricio Macri a Presidencia de la Plaza, cuando la aeronave del Gobierno del Chaco estaba fuera de servicio por tareas de mantenimiento.<\/p>\n\n\n\n<p><strong>Una pista en Nueva Pompeya<\/strong><\/p>\n\n\n\n<p>Zdero prometi\u00f3 recientemente la <strong><a href=\"https:\/\/hdpnoticias.com.ar\/?p=11078\">construcci\u00f3n de una pista de aterrizaje en Misi\u00f3n Nueva Pompeya<\/a><\/strong>, en el centro de El Impenetrable, que permita la operaci\u00f3n del avi\u00f3n sanitario a\u00fan en d\u00edas de intensas precipitaciones.<\/p>\n\n\n\n<p>Hoy s\u00f3lo est\u00e1 disponible una pista en El Sauzalito, que fue extendida durante la gobernaci\u00f3n de Peppo y deb\u00eda ser pavimentada pero el proyecto fue abortado en el \u00faltimo gobierno de Capitanich.<\/p>\n","protected":false},"excerpt":{"rendered":"<p>El Gobierno del Chaco no cuenta con helic\u00f3ptero en su flota: el Bell 407 LQ-ZPR fue declarado en desuso en 2022 por el entonces gobernador Jorge Capitanich, que lo consider\u00f3 y expirada su vida \u00fatil. Por eso fue rematado pr\u00e1cticamente como chatarra y adquirido por la compa\u00f1\u00eda JasFly SA, dedicada al servicio de taxi a\u00e9reo. [&hellip;]<\/p>\n","protected":false},"author":1,"featured_media":11106,"comment_status":"open","ping_status":"open","sticky":false,"template":"","format":"standard","meta":{"footnotes":""},"categories":[6],"tags":[1023,4883,4882,29,37,169,417,4866,4884,4885,4863,165,921],"class_list":["post-11105","post","type-post","status-publish","format-standard","has-post-thumbnail","hentry","category-info-general","tag-1023","tag-4883","tag-bell","tag-capitanich","tag-chaco","tag-corrientes","tag-el-impenetrable","tag-incendios","tag-jasfly","tag-lq-fvd","tag-lq-zpr","tag-valdes","tag-zdero"],"_links":{"self":[{"href":"https:\/\/hdpnoticias.com.ar\/index.php?rest_route=\/wp\/v2\/posts\/11105","targetHints":{"allow":["GET"]}}],"collection":[{"href":"https:\/\/hdpnoticias.com.ar\/index.php?rest_route=\/wp\/v2\/posts"}],"about":[{"href":"https:\/\/hdpnoticias.com.ar\/index.php?rest_route=\/wp\/v2\/types\/post"}],"author":[{"embeddable":true,"href":"https:\/\/hdpnoticias.com.ar\/index.php?rest_route=\/wp\/v2\/users\/1"}],"replies":[{"embeddable":true,"href":"https:\/\/hdpnoticias.com.ar\/index.php?rest_route=%2Fwp%2Fv2%2Fcomments&post=11105"}],"version-history":[{"count":1,"href":"https:\/\/hdpnoticias.com.ar\/index.php?rest_route=\/wp\/v2\/posts\/11105\/revisions"}],"predecessor-version":[{"id":11107,"href":"https:\/\/hdpnoticias.com.ar\/index.php?rest_route=\/wp\/v2\/posts\/11105\/revisions\/11107"}],"wp:featuredmedia":[{"embeddable":true,"href":"https:\/\/hdpnoticias.com.ar\/index.php?rest_route=\/wp\/v2\/media\/11106"}],"wp:attachment":[{"href":"https:\/\/hdpnoticias.com.ar\/index.php?rest_route=%2Fwp%2Fv2%2Fmedia&parent=11105"}],"wp:term":[{"taxonomy":"category","embeddable":true,"href":"https:\/\/hdpnoticias.com.ar\/index.php?rest_route=%2Fwp%2Fv2%2Fcategories&post=11105"},{"taxonomy":"post_tag","embeddable":true,"href":"https:\/\/hdpnoticias.com.ar\/index.php?rest_route=%2Fwp%2Fv2%2Ftags&post=11105"}],"curies":[{"name":"wp","href":"https:\/\/api.w.org\/{rel}","templated":true}]}}