{"id":11097,"date":"2025-05-09T16:48:35","date_gmt":"2025-05-09T19:48:35","guid":{"rendered":"https:\/\/hdpnoticias.com.ar\/?p=11097"},"modified":"2025-05-09T22:08:01","modified_gmt":"2025-05-10T01:08:01","slug":"capitanich-intento-cerrar-la-campana-con-un-piquete-pero-quedo-corto","status":"publish","type":"post","link":"https:\/\/hdpnoticias.com.ar\/?p=11097","title":{"rendered":"Capitanich intent\u00f3 cerrar la campa\u00f1a con un piquete pero qued\u00f3 corto"},"content":{"rendered":"\n<figure class=\"wp-block-image size-full\"><img loading=\"lazy\" decoding=\"async\" width=\"728\" height=\"90\" src=\"http:\/\/hdpnoticias.com.ar\/wp-content\/uploads\/2024\/05\/Nachec.gif\" alt=\"\" class=\"wp-image-6814\"\/><\/figure>\n\n\n\n<p>El \u00faltimo martes el exgobernador Jorge Capianich, candidato a diputado provincial por el opositor Chaco Merece M\u00e1s en las elecciones del pr\u00f3ximo domingo, encabez\u00f3 una reuni\u00f3n con dirigentes de la Corriente Clasista y Combativa, brazo \u201cpiquetero\u201d del Partico Comunista Evolucionario-Partido del Trabajo y el Pueblo, que integra ese frente. Lo hizo acompa\u00f1ado del principal referente de estas organizaciones: el diputado Rodolfo Schwartz.<\/p>\n\n\n\n<p>Casualmente, integrantes de esta misma organizaci\u00f3n, que participaron de ese encuentro, en el marco de la campa\u00f1a proselitista, este jueves, \u00faltimo d\u00eda de campa\u00f1a, fueron parte de la manifestaci\u00f3n de los gremios del Insssep, UPCP y ATE, entre otros.<\/p>\n\n\n\n<p>La movilizaci\u00f3n, que se congreg\u00f3 en inmediaciones de la plaza 25 de Mayo, hizo que la Polic\u00eda desplegara un dispositivo que frustr\u00f3 la intenci\u00f3n de marchar por la calle hasta la Casa de Gobierno, interrumpiendo el tr\u00e1nsito.<\/p>\n\n\n\n<p>El n\u00famero acotado de manifestantes fue conminado a caminar por los espacios de circulaci\u00f3n peatonal de la plaza, y debieron conformarse con expresarse desde ah\u00ed con sus banderas y pancartas.<\/p>\n\n\n\n<p>La protesta culmin\u00f3 frente a la Casa de Gobierno, donde entonaron c\u00e1nticos alusivos a las elecciones del pr\u00f3ximo domingo, sin que se generaran inconvenientes de ninguna naturaleza en el tr\u00e1nsito.<\/p>\n\n\n\n<p>La gesti\u00f3n de Leandro Zdero exhibe como uno de sus logros m\u00e1s significativos haber eliminado los piquetes y todo tipo de protestas que durante tantos a\u00f1os caracterizaran a nuestra provincia. Justamente, el mismo Capitanich admite que este tipo de manifestaciones protagonizadas por gremios y movimientos piqueteros, fueron el principal abono de su derrota electoral en 2023.<\/p>\n","protected":false},"excerpt":{"rendered":"<p>El \u00faltimo martes el exgobernador Jorge Capianich, candidato a diputado provincial por el opositor Chaco Merece M\u00e1s en las elecciones del pr\u00f3ximo domingo, encabez\u00f3 una reuni\u00f3n con dirigentes de la Corriente Clasista y Combativa, brazo \u201cpiquetero\u201d del Partico Comunista Evolucionario-Partido del Trabajo y el Pueblo, que integra ese frente. Lo hizo acompa\u00f1ado del principal referente [&hellip;]<\/p>\n","protected":false},"author":1,"featured_media":11098,"comment_status":"open","ping_status":"open","sticky":false,"template":"","format":"standard","meta":{"footnotes":""},"categories":[27],"tags":[29,4876,246,36,4877,692,4878,4879,1629,921],"class_list":["post-11097","post","type-post","status-publish","format-standard","has-post-thumbnail","hentry","category-politica","tag-capitanich","tag-ccc","tag-elecciones","tag-gobierno","tag-pcr","tag-piquetes","tag-ptp","tag-schwartz","tag-upcp","tag-zdero"],"_links":{"self":[{"href":"https:\/\/hdpnoticias.com.ar\/index.php?rest_route=\/wp\/v2\/posts\/11097","targetHints":{"allow":["GET"]}}],"collection":[{"href":"https:\/\/hdpnoticias.com.ar\/index.php?rest_route=\/wp\/v2\/posts"}],"about":[{"href":"https:\/\/hdpnoticias.com.ar\/index.php?rest_route=\/wp\/v2\/types\/post"}],"author":[{"embeddable":true,"href":"https:\/\/hdpnoticias.com.ar\/index.php?rest_route=\/wp\/v2\/users\/1"}],"replies":[{"embeddable":true,"href":"https:\/\/hdpnoticias.com.ar\/index.php?rest_route=%2Fwp%2Fv2%2Fcomments&post=11097"}],"version-history":[{"count":2,"href":"https:\/\/hdpnoticias.com.ar\/index.php?rest_route=\/wp\/v2\/posts\/11097\/revisions"}],"predecessor-version":[{"id":11101,"href":"https:\/\/hdpnoticias.com.ar\/index.php?rest_route=\/wp\/v2\/posts\/11097\/revisions\/11101"}],"wp:featuredmedia":[{"embeddable":true,"href":"https:\/\/hdpnoticias.com.ar\/index.php?rest_route=\/wp\/v2\/media\/11098"}],"wp:attachment":[{"href":"https:\/\/hdpnoticias.com.ar\/index.php?rest_route=%2Fwp%2Fv2%2Fmedia&parent=11097"}],"wp:term":[{"taxonomy":"category","embeddable":true,"href":"https:\/\/hdpnoticias.com.ar\/index.php?rest_route=%2Fwp%2Fv2%2Fcategories&post=11097"},{"taxonomy":"post_tag","embeddable":true,"href":"https:\/\/hdpnoticias.com.ar\/index.php?rest_route=%2Fwp%2Fv2%2Ftags&post=11097"}],"curies":[{"name":"wp","href":"https:\/\/api.w.org\/{rel}","templated":true}]}}