{"id":11081,"date":"2025-05-08T20:30:18","date_gmt":"2025-05-08T23:30:18","guid":{"rendered":"https:\/\/hdpnoticias.com.ar\/?p=11081"},"modified":"2025-05-08T20:30:19","modified_gmt":"2025-05-08T23:30:19","slug":"leon-xiv-el-estadounidense-robert-prevost-es-el-nuevo-papa","status":"publish","type":"post","link":"https:\/\/hdpnoticias.com.ar\/?p=11081","title":{"rendered":"Le\u00f3n XIV: el estadounidense Robert Prevost es el nuevo papa"},"content":{"rendered":"\n<figure class=\"wp-block-image size-full\"><img loading=\"lazy\" decoding=\"async\" width=\"720\" height=\"90\" src=\"http:\/\/hdpnoticias.com.ar\/wp-content\/uploads\/2024\/05\/Copy-of-720x90-1.gif\" alt=\"\" class=\"wp-image-6806\"\/><\/figure>\n\n\n\n<p>El Vaticano anunci\u00f3 este jueves al sucesor del papa Francisco, el argentino Jorge Bergoglio: ser\u00e1 Robert Francis Prevost, de 69 a\u00f1os, que result\u00f3 elegido como el nuevo Papa de la Iglesia Cat\u00f3lica y tom\u00f3 el nombre de Le\u00f3n XIV.<\/p>\n\n\n\n<p>La fumata blanca en la chimenea de la capilla Sixtina se vio en el mediod\u00eda de Argentina, y un par de horas despu\u00e9s el nuevo Papa asomaba por primera vez hacia la Plaza San Pedro para dar s primer mensaje a los fieles.<\/p>\n\n\n\n<p>En su primera aparici\u00f3n en el balc\u00f3n de la bas\u00edlica de San Pedro, el papa Le\u00f3n XIV ofreci\u00f3 tres pistas clave sobre el rumbo que tomar\u00e1 su papado al frente de la Iglesia Cat\u00f3lica, de 1.400 millones de miembros.<\/p>\n\n\n\n<p>Es percibido como un centrista que trae consigo una visi\u00f3n que se aleja, en varios aspectos, de la orientaci\u00f3n progresista de su predecesor. Es el primer papa estadounidense y el segundo \u201cno europeo\u201d, despu\u00e9s de Francisco.<\/p>\n\n\n\n<p>Naci\u00f3 en Chicago y desarroll\u00f3 buena parte de su actividad pastoral en Per\u00fa y se nacionaliz\u00f3 peruano.<\/p>\n","protected":false},"excerpt":{"rendered":"<p>El Vaticano anunci\u00f3 este jueves al sucesor del papa Francisco, el argentino Jorge Bergoglio: ser\u00e1 Robert Francis Prevost, de 69 a\u00f1os, que result\u00f3 elegido como el nuevo Papa de la Iglesia Cat\u00f3lica y tom\u00f3 el nombre de Le\u00f3n XIV. La fumata blanca en la chimenea de la capilla Sixtina se vio en el mediod\u00eda de [&hellip;]<\/p>\n","protected":false},"author":1,"featured_media":11082,"comment_status":"open","ping_status":"open","sticky":false,"template":"","format":"standard","meta":{"footnotes":""},"categories":[6],"tags":[259,4816,1288,1904,4873,3253,333,4872,4874,1905],"class_list":["post-11081","post","type-post","status-publish","format-standard","has-post-thumbnail","hentry","category-info-general","tag-argentina","tag-bergoglio","tag-estados-unidos","tag-francisco","tag-leon-xiv","tag-papa-2","tag-peru","tag-prevost","tag-sixtina","tag-vaticano"],"_links":{"self":[{"href":"https:\/\/hdpnoticias.com.ar\/index.php?rest_route=\/wp\/v2\/posts\/11081","targetHints":{"allow":["GET"]}}],"collection":[{"href":"https:\/\/hdpnoticias.com.ar\/index.php?rest_route=\/wp\/v2\/posts"}],"about":[{"href":"https:\/\/hdpnoticias.com.ar\/index.php?rest_route=\/wp\/v2\/types\/post"}],"author":[{"embeddable":true,"href":"https:\/\/hdpnoticias.com.ar\/index.php?rest_route=\/wp\/v2\/users\/1"}],"replies":[{"embeddable":true,"href":"https:\/\/hdpnoticias.com.ar\/index.php?rest_route=%2Fwp%2Fv2%2Fcomments&post=11081"}],"version-history":[{"count":1,"href":"https:\/\/hdpnoticias.com.ar\/index.php?rest_route=\/wp\/v2\/posts\/11081\/revisions"}],"predecessor-version":[{"id":11083,"href":"https:\/\/hdpnoticias.com.ar\/index.php?rest_route=\/wp\/v2\/posts\/11081\/revisions\/11083"}],"wp:featuredmedia":[{"embeddable":true,"href":"https:\/\/hdpnoticias.com.ar\/index.php?rest_route=\/wp\/v2\/media\/11082"}],"wp:attachment":[{"href":"https:\/\/hdpnoticias.com.ar\/index.php?rest_route=%2Fwp%2Fv2%2Fmedia&parent=11081"}],"wp:term":[{"taxonomy":"category","embeddable":true,"href":"https:\/\/hdpnoticias.com.ar\/index.php?rest_route=%2Fwp%2Fv2%2Fcategories&post=11081"},{"taxonomy":"post_tag","embeddable":true,"href":"https:\/\/hdpnoticias.com.ar\/index.php?rest_route=%2Fwp%2Fv2%2Ftags&post=11081"}],"curies":[{"name":"wp","href":"https:\/\/api.w.org\/{rel}","templated":true}]}}