{"id":11068,"date":"2025-05-08T09:08:02","date_gmt":"2025-05-08T12:08:02","guid":{"rendered":"https:\/\/hdpnoticias.com.ar\/?p=11068"},"modified":"2025-05-08T09:17:33","modified_gmt":"2025-05-08T12:17:33","slug":"llego-la-autocritica-capitanich-reconoce-su-incapacidad-para-frenar-los-piquetes","status":"publish","type":"post","link":"https:\/\/hdpnoticias.com.ar\/?p=11068","title":{"rendered":"Lleg\u00f3 la autocr\u00edtica: Capitanich reconoce su incapacidad para frenar los piquetes"},"content":{"rendered":"\n<figure class=\"wp-block-image size-full\"><img loading=\"lazy\" decoding=\"async\" width=\"728\" height=\"90\" src=\"http:\/\/hdpnoticias.com.ar\/wp-content\/uploads\/2024\/05\/Nachec.gif\" alt=\"\" class=\"wp-image-6814\"\/><\/figure>\n\n\n\n<p>El exgobernador Jorge Capitanich, primer candidato a diputado provincial por el frente opositor Chaco Merece M\u00e1s en las elecciones del pr\u00f3ximo domingo, admiti\u00f3 finalmente que a lo largo de sus 3 gestiones fue superado por los movimientos piqueteros y la protesta social.<\/p>\n\n\n\n<p>Hasta ac\u00e1, hab\u00eda atribuido un tenor pol\u00edtico a las manifestaciones y cortes de calles, y acusaba a sus opositores de financiar y arengar a estas organizaciones para desestabilizarlo y sacarlo desplazarlo del Gobierno. Aunque, paralelamente, aseveraba que jam\u00e1s impedir\u00eda este tipo de expresiones a las que considera un \u201cejercicio de la libertad\u201d.<\/p>\n\n\n\n<p>Ahora, entrevistado por Diario Chaco, se sincer\u00f3 y reconoci\u00f3 la \u201cfalta de aptitud para soluciaron el problema\u201d que representaban los piquetes para toda la sociedad. Adem\u00e1s, reconoci\u00f3 la \u201cineficiencia del dise\u00f1o\u201d de las herramientas para afrontarlo y encontrar la soluci\u00f3n.<\/p>\n\n\n\n<p>En su momento, hab\u00eda creado la Subsecretar\u00eda de Prevenci\u00f3n y Seguridad en Abordaje Territorial, en la que fue designada el sargento Gustavo Olivello, bajo la \u00f3rbita del ministro de Gobierno, Justicia y Trabajo: Juan Manuel Chapo. Esta subsecretar\u00eda \u201cantipiquetes\u201d fue disuelta virulentamente, y hoy, a la distancia, Capitanich reconoce que esto tambi\u00e9n fracas\u00f3. Adem\u00e1s, dej\u00f3 entrever que \u00e9l no estaba de acuerdo con esa estrategia.<\/p>\n\n\n\n<p>A esto agreg\u00f3 que \u201clos movimientos sociales y piqueteros abusaron de la protesta\u201d, lo que gener\u00f3 un hartazgo en la sociedad y deterior\u00f3 la imagen de su gobierno, lo que finalmente se cataliz\u00f3 en las urnas en las elecciones de 2023, en las que cay\u00f3 ante el radical Leandro Zdero; aunque todav\u00eda ve un condimento pol\u00edtico en la cuesti\u00f3n.<\/p>\n\n\n\n<p>Al analizar la desaparici\u00f3n instant\u00e1nea de los piquetes tras la asunci\u00f3n de Zdero como gobernador, opin\u00f3 que \u00e9ste opt\u00f3 por \u201cuna estrategia m\u00e1s represiva\u201d. No obstante, insisti\u00f3 suspicazmente en que \u201ces muy raro\u201d que los que antes protestaban todos los d\u00edas hoy est\u00e9n \u201cescondidos\u201d.<\/p>\n\n\n\n<p>Diluyendo su responsabilidad, critic\u00f3 a la Justicia que \u201cantes no actuaba tan r\u00e1pido como ahora\u201d, y cont\u00f3 que en varias oportunidades intent\u00f3 reunir a todos los sectores del Estado interesados en la cuesti\u00f3n para acordar medidas y un protocolo que, al menos, impide el bloqueo del tr\u00e1nsito, pero que no encontr\u00f3 el eco necesario.<\/p>\n\n\n\n<p>Pero m\u00e1s all\u00e1 de esto, repiti\u00f3 <strong><a href=\"https:\/\/hdpnoticias.com.ar\/?p=9658\">un particular an\u00e1lisis de la causa de su derrota electoral<\/a><\/strong>, ya que para \u00e9l es impensada desde el punto de vista de su gesti\u00f3n que considera, a todas luces: exitosa. Parad\u00f3jicamente, cree que <strong><a href=\"https:\/\/hdpnoticias.com.ar\/\" data-type=\"page\" data-id=\"191\">la gente naturaliz\u00f3 ese \u00e9xito a lo largo de un extenso ciclo y opt\u00f3 por un cambio<\/a><\/strong>. Un argumento que ya expuso en otras oportunidades.<\/p>\n\n\n\n<p>\u201cEl cambio puede ser para mejor o para peor\u201d, defini\u00f3, y dijo estar convencido de que en este caso fue \u201cpara peor\u201d, y en eso centra sus expectativas en las elecciones legislativas del domingo, entendiendo que la gente desea su regreso.<\/p>\n\n\n\n<p>Al margen de su mirada sobre el gobierno de Zdero, volvi\u00f3 a \u201ccelebrar\u201d la extinci\u00f3n de los piquetes y los cortes de calles y rutas, algo que ya hab\u00eda definido como <strong><a href=\"https:\/\/hdpnoticias.com.ar\/?p=8194\">&#8220;un logro extraordinario&#8221;<\/a><\/strong>.<\/p>\n\n\n\n<p><strong>Olvid\u00f3<\/strong> <strong>un detalle<\/strong><\/p>\n\n\n\n<p>A lo largo de la entrevista, no hizo menci\u00f3n a su estrecha relaci\u00f3n con los movimientos sociales y los l\u00edderes piqueteros que recib\u00edan abultadas cifras de fondos p\u00fablicos que les permitieron enriquecerse, raz\u00f3n por la que muchos de ellos est\u00e1n presos, al igual que <strong><a href=\"https:\/\/hdpnoticias.com.ar\/?p=8820\">algunos de sus funcionarios<\/a><\/strong>, <strong><a href=\"https:\/\/hdpnoticias.com.ar\/?p=10932\">acusados de fraude contra la Administraci\u00f3n P\u00fablica y lavado<\/a><\/strong>. No es un detalle menor, considerando los tiempos electorales y trat\u00e1ndose de <strong><a href=\"https:\/\/hdpnoticias.com.ar\/?p=2746\">aliados pol\u00edticos que incluso integraron su propia lista de candidatos<\/a><\/strong>.<\/p>\n","protected":false},"excerpt":{"rendered":"<p>El exgobernador Jorge Capitanich, primer candidato a diputado provincial por el frente opositor Chaco Merece M\u00e1s en las elecciones del pr\u00f3ximo domingo, admiti\u00f3 finalmente que a lo largo de sus 3 gestiones fue superado por los movimientos piqueteros y la protesta social. Hasta ac\u00e1, hab\u00eda atribuido un tenor pol\u00edtico a las manifestaciones y cortes de [&hellip;]<\/p>\n","protected":false},"author":1,"featured_media":11069,"comment_status":"open","ping_status":"open","sticky":false,"template":"","format":"standard","meta":{"footnotes":""},"categories":[27],"tags":[29,4686,797,682,4867,1398,432,265,921],"class_list":["post-11068","post","type-post","status-publish","format-standard","has-post-thumbnail","hentry","category-politica","tag-capitanich","tag-chaco-merece-mas","tag-chapo","tag-diputado","tag-incapacidad","tag-olivello","tag-piquete","tag-piqueteros","tag-zdero"],"_links":{"self":[{"href":"https:\/\/hdpnoticias.com.ar\/index.php?rest_route=\/wp\/v2\/posts\/11068","targetHints":{"allow":["GET"]}}],"collection":[{"href":"https:\/\/hdpnoticias.com.ar\/index.php?rest_route=\/wp\/v2\/posts"}],"about":[{"href":"https:\/\/hdpnoticias.com.ar\/index.php?rest_route=\/wp\/v2\/types\/post"}],"author":[{"embeddable":true,"href":"https:\/\/hdpnoticias.com.ar\/index.php?rest_route=\/wp\/v2\/users\/1"}],"replies":[{"embeddable":true,"href":"https:\/\/hdpnoticias.com.ar\/index.php?rest_route=%2Fwp%2Fv2%2Fcomments&post=11068"}],"version-history":[{"count":3,"href":"https:\/\/hdpnoticias.com.ar\/index.php?rest_route=\/wp\/v2\/posts\/11068\/revisions"}],"predecessor-version":[{"id":11074,"href":"https:\/\/hdpnoticias.com.ar\/index.php?rest_route=\/wp\/v2\/posts\/11068\/revisions\/11074"}],"wp:featuredmedia":[{"embeddable":true,"href":"https:\/\/hdpnoticias.com.ar\/index.php?rest_route=\/wp\/v2\/media\/11069"}],"wp:attachment":[{"href":"https:\/\/hdpnoticias.com.ar\/index.php?rest_route=%2Fwp%2Fv2%2Fmedia&parent=11068"}],"wp:term":[{"taxonomy":"category","embeddable":true,"href":"https:\/\/hdpnoticias.com.ar\/index.php?rest_route=%2Fwp%2Fv2%2Fcategories&post=11068"},{"taxonomy":"post_tag","embeddable":true,"href":"https:\/\/hdpnoticias.com.ar\/index.php?rest_route=%2Fwp%2Fv2%2Ftags&post=11068"}],"curies":[{"name":"wp","href":"https:\/\/api.w.org\/{rel}","templated":true}]}}