{"id":11061,"date":"2025-05-07T20:36:03","date_gmt":"2025-05-07T23:36:03","guid":{"rendered":"https:\/\/hdpnoticias.com.ar\/?p=11061"},"modified":"2025-05-07T20:36:04","modified_gmt":"2025-05-07T23:36:04","slug":"el-helicoptero-que-capitanich-remato-como-chatarra-sigue-volando-y-es-muy-util","status":"publish","type":"post","link":"https:\/\/hdpnoticias.com.ar\/?p=11061","title":{"rendered":"El helic\u00f3ptero que Capitanich remat\u00f3 como chatarra sigue volando y es muy \u00fatil"},"content":{"rendered":"\n<figure class=\"wp-block-image size-full\"><img loading=\"lazy\" decoding=\"async\" width=\"728\" height=\"90\" src=\"http:\/\/hdpnoticias.com.ar\/wp-content\/uploads\/2024\/05\/Nachec.gif\" alt=\"\" class=\"wp-image-6814\"\/><\/figure>\n\n\n\n<p>El Bell 407 matr\u00edcula LQ-ZPR fue adquirido por el Gobierno del Chaco en 1999, durante la primera gesti\u00f3n del radical \u00c1ngel Rozas. Aunque fue asignado a la Polic\u00eda del Chaco, fue paralelamente utilizado por el gobernador y funcionarios provinciales en vuelos oficiales.<\/p>\n\n\n\n<p>La aeronave sirvi\u00f3 para vuelos de reconocimiento y sobrevolar zonas afectadas por contingencias clim\u00e1ticas como sequ\u00edas e inundaciones. Durante el gobierno de Domingo Peppo, \u00e9ste lo abord\u00f3 junto al entonces presidente Mauricio Macri para relevar la situaci\u00f3n de emergencia por la creciente del r\u00edo Paran\u00e1.<\/p>\n\n\n\n<p>La gesti\u00f3n de Peppo lo hab\u00eda configurado adem\u00e1s para evacuaciones sanitarias y fue de gran utilidad para el traslado de pacientes hacia centros sanitarios de alta complejidad desde puntos alejados como El Impenetrable en situaciones de emergencia o cuando las inclemencias clim\u00e1ticas tornaban intransitables los caminos.<\/p>\n\n\n\n<p>En marzo de 2022 fue subastado por orden del entonces gobernador Jorge Capitanich, hoy candidato a diputado provincial por el frente Chaco Merece M\u00e1s.<\/p>\n\n\n\n<p>Al fundamentar su decisi\u00f3n, precis\u00f3 que su costo de mantenimiento era elevado, que necesitaba costosas reparaciones y que su utilidad no justificaba esos gastos. Adem\u00e1s, puntualiz\u00f3 que estaba pr\u00e1cticamente condenado al dep\u00f3sito de rezagos, ya que las horas de vuelo acumuladas indicaban que hab\u00eda llegado al l\u00edmite de su vida \u00fatil. Para habilitar su subasta, fue declarado \u201cbien en desuso\u201d.<\/p>\n\n\n\n<p>En el remate fue adquirido por la compa\u00f1\u00eda JasFly SA, con sede en La Plata, que presta servicio de taxi a\u00e9reo y cuenta con una flota de aeronaves similares. Al contrario de la visi\u00f3n de Capitanich, para esta empresa, la aeronave todav\u00eda era de gran utilidad.<\/p>\n\n\n\n<p>Matriculado como LV-ZPR, el helic\u00f3ptero que perteneciera al Gobierno del Chaco, nunca dej\u00f3 de volar, e incluso fue contratado por otros gobiernos provinciales.<\/p>\n\n\n\n<p>Pero, desde que pas\u00f3 a manos privadas, su funci\u00f3n se ampli\u00f3 y fue incorporado a la flota de reserva del Sistema Nacional de Manejo del Fuego, que depende del Ministerio de Seguridad de la Naci\u00f3n, y combati\u00f3 incendios en varios puntos del pa\u00eds, el m\u00e1s relevante, en 2024 en la Patagonia.<\/p>\n\n\n\n<p>En ese marco, tambi\u00e9n es utilizado para el traslado y entrenamiento de bomberos y rescatistas en varias provincias.<\/p>\n\n\n\n<p><strong>Un avi\u00f3n para L\u00e1zaro<\/strong><\/p>\n\n\n\n<p>Capitanich al frente del Poder Ejecutivo, ya hab\u00eda vendido una aeronave: el Rockwell Commander LV-MBY, que fue transferido al fideicomiso de la frustrada Aerochaco, y desde ah\u00ed vendida a precio vil al empresario kirchnerista L\u00e1zaro B\u00e1ez.<\/p>\n\n\n\n<p>Este avi\u00f3n fue decomisado por la Justicia en el marco de la causa por corrupci\u00f3n en la obra p\u00fablica conocida como \u201cla ruta del dinero K\u201d, y tambi\u00e9n termin\u00f3 rematado, pr\u00e1cticamente en ruinas, arrumbado en el aer\u00f3dromo de San Fernando, tras la detenci\u00f3n del constructor.<\/p>\n","protected":false},"excerpt":{"rendered":"<p>El Bell 407 matr\u00edcula LQ-ZPR fue adquirido por el Gobierno del Chaco en 1999, durante la primera gesti\u00f3n del radical \u00c1ngel Rozas. Aunque fue asignado a la Polic\u00eda del Chaco, fue paralelamente utilizado por el gobernador y funcionarios provinciales en vuelos oficiales. La aeronave sirvi\u00f3 para vuelos de reconocimiento y sobrevolar zonas afectadas por contingencias [&hellip;]<\/p>\n","protected":false},"author":1,"featured_media":11063,"comment_status":"open","ping_status":"open","sticky":false,"template":"","format":"standard","meta":{"footnotes":""},"categories":[6],"tags":[4864,29,37,3241,4866,4863,4862,241,839,4865],"class_list":["post-11061","post","type-post","status-publish","format-standard","has-post-thumbnail","hentry","category-info-general","tag-bell-407","tag-capitanich","tag-chaco","tag-helicoptero","tag-incendios","tag-lq-zpr","tag-lv-zpr-2","tag-peppo","tag-seguridad","tag-snmf"],"_links":{"self":[{"href":"https:\/\/hdpnoticias.com.ar\/index.php?rest_route=\/wp\/v2\/posts\/11061","targetHints":{"allow":["GET"]}}],"collection":[{"href":"https:\/\/hdpnoticias.com.ar\/index.php?rest_route=\/wp\/v2\/posts"}],"about":[{"href":"https:\/\/hdpnoticias.com.ar\/index.php?rest_route=\/wp\/v2\/types\/post"}],"author":[{"embeddable":true,"href":"https:\/\/hdpnoticias.com.ar\/index.php?rest_route=\/wp\/v2\/users\/1"}],"replies":[{"embeddable":true,"href":"https:\/\/hdpnoticias.com.ar\/index.php?rest_route=%2Fwp%2Fv2%2Fcomments&post=11061"}],"version-history":[{"count":1,"href":"https:\/\/hdpnoticias.com.ar\/index.php?rest_route=\/wp\/v2\/posts\/11061\/revisions"}],"predecessor-version":[{"id":11064,"href":"https:\/\/hdpnoticias.com.ar\/index.php?rest_route=\/wp\/v2\/posts\/11061\/revisions\/11064"}],"wp:featuredmedia":[{"embeddable":true,"href":"https:\/\/hdpnoticias.com.ar\/index.php?rest_route=\/wp\/v2\/media\/11063"}],"wp:attachment":[{"href":"https:\/\/hdpnoticias.com.ar\/index.php?rest_route=%2Fwp%2Fv2%2Fmedia&parent=11061"}],"wp:term":[{"taxonomy":"category","embeddable":true,"href":"https:\/\/hdpnoticias.com.ar\/index.php?rest_route=%2Fwp%2Fv2%2Fcategories&post=11061"},{"taxonomy":"post_tag","embeddable":true,"href":"https:\/\/hdpnoticias.com.ar\/index.php?rest_route=%2Fwp%2Fv2%2Ftags&post=11061"}],"curies":[{"name":"wp","href":"https:\/\/api.w.org\/{rel}","templated":true}]}}