{"id":11052,"date":"2025-05-07T09:56:24","date_gmt":"2025-05-07T12:56:24","guid":{"rendered":"https:\/\/hdpnoticias.com.ar\/?p=11052"},"modified":"2025-05-07T10:04:56","modified_gmt":"2025-05-07T13:04:56","slug":"video-rencoroso-capitanich-no-olvida-su-derrota-en-2023-ante-magda-en-barranqueras","status":"publish","type":"post","link":"https:\/\/hdpnoticias.com.ar\/?p=11052","title":{"rendered":"VIDEO | Rencoroso: Capitanich no olvida su derrota en 2023 ante Magda en Barranqueras"},"content":{"rendered":"\n<figure class=\"wp-block-image size-full\"><img loading=\"lazy\" decoding=\"async\" width=\"720\" height=\"90\" src=\"http:\/\/hdpnoticias.com.ar\/wp-content\/uploads\/2024\/05\/Copy-of-720x90-1.gif\" alt=\"\" class=\"wp-image-6806\"\/><\/figure>\n\n\n\n<p>El exgobernador Jorge Capitanich, primer candidato a diputado provincial por el frente Chaco Merece M\u00e1s en las elecciones del pr\u00f3ximo domingo, encabez\u00f3 un acto en Barranqueras, habitual sede de sus cierres de campa\u00f1a que desde 2023 se le presenta como un escenario hostil.<\/p>\n\n\n\n<p>En su discurso, dispar\u00f3 abiertamente contra la intendente Magda Ayala, candidata en segundo lugar en el frente peronista Primero Chaco, detr\u00e1s del diputado Atlanto Honcheruk.<\/p>\n\n\n\n<p>Euf\u00f3rico, ante sus seguidores remarc\u00f3 que todas las obras que se pueden apreciar en esa ciudad fueron hechas por \u00e9l. Y en tono histri\u00f3nico remarc\u00f3: \u201cEs muy lindo salir de caminata con la boleta cortada, diciendo v\u00f3tenme a m\u00ed nom\u00e1s, porque las obras las hice yo\u201d, en obvia alusi\u00f3n al marcado corte de boleta que sufri\u00f3 en las \u00faltimas elecciones gubernamentales. Pero, por si quedaba alguna duda, remat\u00f3: \u201cNosotros sabemos muy bien qu\u00e9 pas\u00f3 en 2023\u201d.<\/p>\n\n\n\n<p>En las primarias abiertas, simult\u00e1neas y obligatorias de 2023 la intendente obtuvo 3500 votos m\u00e1s que Capitanich. Esta brecha se ampli\u00f3 a 4550 en las generales del 17 de septiembre, cuando <strong><a href=\"https:\/\/hdpnoticias.com.ar\/?p=4252\">ella consigui\u00f3 su reelecci\u00f3n con 19960 votos, mientras \u00e9l sum\u00f3 15410 y perd\u00eda la gobernaci\u00f3n en primera vuelta a manos del radical Leandro Zdero<\/a><\/strong>.<\/p>\n\n\n\n<p><strong>En Castelli tambi\u00e9n<\/strong><\/p>\n\n\n\n<p>Aunque Capitanich apunt\u00f3 exclusivamente a Ayala, su suerte en las elecciones de 2023 no fue distinta en otras ciudades claves, como Castelli, donde tambi\u00e9n hubo un significativo corte de boletas. Ah\u00ed, el intendente <strong><a href=\"https:\/\/hdpnoticias.com.ar\/?p=4492\">P\u00edo Sander, que hoy ocupa el tercer lugar en su lista de diputados, fue reelecto consiguiendo 1729 votos m\u00e1s que \u00e9l<\/a><\/strong>.<\/p>\n\n\n\n<iframe loading=\"lazy\" src=\"https:\/\/www.facebook.com\/plugins\/video.php?height=476&#038;href=https%3A%2F%2Fwww.facebook.com%2Fhdpchaco%2Fvideos%2F1600265970672182%2F&#038;show_text=false&#038;width=346&#038;t=0\" width=\"346\" height=\"476\" style=\"border:none;overflow:hidden\" scrolling=\"no\" frameborder=\"0\" allowfullscreen=\"true\" allow=\"autoplay; clipboard-write; encrypted-media; picture-in-picture; web-share\" allowFullScreen=\"true\"><\/iframe>\n","protected":false},"excerpt":{"rendered":"<p>El exgobernador Jorge Capitanich, primer candidato a diputado provincial por el frente Chaco Merece M\u00e1s en las elecciones del pr\u00f3ximo domingo, encabez\u00f3 un acto en Barranqueras, habitual sede de sus cierres de campa\u00f1a que desde 2023 se le presenta como un escenario hostil. En su discurso, dispar\u00f3 abiertamente contra la intendente Magda Ayala, candidata en [&hellip;]<\/p>\n","protected":false},"author":1,"featured_media":11053,"comment_status":"open","ping_status":"open","sticky":false,"template":"","format":"standard","meta":{"footnotes":""},"categories":[27],"tags":[392,129,4686,1882,244,1881,4860,4714,1752,921],"class_list":["post-11052","post","type-post","status-publish","format-standard","has-post-thumbnail","hentry","category-politica","tag-ayala","tag-castelli","tag-chaco-merece-mas","tag-corte-de-boleta","tag-gobernador","tag-magda","tag-pio","tag-primero-chaco","tag-sander","tag-zdero"],"_links":{"self":[{"href":"https:\/\/hdpnoticias.com.ar\/index.php?rest_route=\/wp\/v2\/posts\/11052","targetHints":{"allow":["GET"]}}],"collection":[{"href":"https:\/\/hdpnoticias.com.ar\/index.php?rest_route=\/wp\/v2\/posts"}],"about":[{"href":"https:\/\/hdpnoticias.com.ar\/index.php?rest_route=\/wp\/v2\/types\/post"}],"author":[{"embeddable":true,"href":"https:\/\/hdpnoticias.com.ar\/index.php?rest_route=\/wp\/v2\/users\/1"}],"replies":[{"embeddable":true,"href":"https:\/\/hdpnoticias.com.ar\/index.php?rest_route=%2Fwp%2Fv2%2Fcomments&post=11052"}],"version-history":[{"count":2,"href":"https:\/\/hdpnoticias.com.ar\/index.php?rest_route=\/wp\/v2\/posts\/11052\/revisions"}],"predecessor-version":[{"id":11056,"href":"https:\/\/hdpnoticias.com.ar\/index.php?rest_route=\/wp\/v2\/posts\/11052\/revisions\/11056"}],"wp:featuredmedia":[{"embeddable":true,"href":"https:\/\/hdpnoticias.com.ar\/index.php?rest_route=\/wp\/v2\/media\/11053"}],"wp:attachment":[{"href":"https:\/\/hdpnoticias.com.ar\/index.php?rest_route=%2Fwp%2Fv2%2Fmedia&parent=11052"}],"wp:term":[{"taxonomy":"category","embeddable":true,"href":"https:\/\/hdpnoticias.com.ar\/index.php?rest_route=%2Fwp%2Fv2%2Fcategories&post=11052"},{"taxonomy":"post_tag","embeddable":true,"href":"https:\/\/hdpnoticias.com.ar\/index.php?rest_route=%2Fwp%2Fv2%2Ftags&post=11052"}],"curies":[{"name":"wp","href":"https:\/\/api.w.org\/{rel}","templated":true}]}}