{"id":1104,"date":"2023-03-04T10:50:54","date_gmt":"2023-03-04T13:50:54","guid":{"rendered":"http:\/\/hdpnoticias.com.ar\/?p=1104"},"modified":"2023-03-04T10:50:55","modified_gmt":"2023-03-04T13:50:55","slug":"salarios-2023-todos-tendran-mas-aumento-que-los-docentes","status":"publish","type":"post","link":"https:\/\/hdpnoticias.com.ar\/?p=1104","title":{"rendered":"Salarios 2023: todos tendr\u00e1n m\u00e1s aumento que los docentes"},"content":{"rendered":"\n<p>El gobernador Jorge Capitanich anunci\u00f3 este s\u00e1bado la propuesta salarial para trabajadores de la administraci\u00f3n central y el Poder Judicial con el compromiso de que \u201clos salarios le ganen a la inflaci\u00f3n\u201d.<\/p>\n\n\n\n<p>El personal de la administraci\u00f3n central, organismos, entes descentralizados y aut\u00e1rquicos tendr\u00e1n este a\u00f1o un aumento de 82 por ciento, en tramos, el primero de ellos del 20 por ciento, en marzo.<\/p>\n\n\n\n<p>Mientras, el incremento salarial para trabajadores del Poder Judicial ser\u00e1 de 80 por ciento.<\/p>\n\n\n\n<p>En ambos casos dijo que los aumentos ser\u00e1n \u201cacumulativos\u201d e impactar\u00e1n en el sector pasivo.<\/p>\n\n\n\n<p>As\u00ed, la pauta salarial docente de este a\u00f1o, que fue aceptada por la mayor\u00eda de los gremios, casi todos alineados pol\u00edticamente con el gobernador, es la m\u00e1s baja: 70 por ciento \u201cacumulativo\u201d.<\/p>\n","protected":false},"excerpt":{"rendered":"<p>El gobernador Jorge Capitanich anunci\u00f3 este s\u00e1bado la propuesta salarial para trabajadores de la administraci\u00f3n central y el Poder Judicial con el compromiso de que \u201clos salarios le ganen a la inflaci\u00f3n\u201d. El personal de la administraci\u00f3n central, organismos, entes descentralizados y aut\u00e1rquicos tendr\u00e1n este a\u00f1o un aumento de 82 por ciento, en tramos, el [&hellip;]<\/p>\n","protected":false},"author":1,"featured_media":1105,"comment_status":"open","ping_status":"open","sticky":false,"template":"","format":"standard","meta":{"footnotes":""},"categories":[6],"tags":[29,37,236,140,239,814,504],"class_list":["post-1104","post","type-post","status-publish","format-standard","has-post-thumbnail","hentry","category-info-general","tag-capitanich","tag-chaco","tag-clausula-gatillo","tag-docentes","tag-inflacion","tag-poder-judicial","tag-salarios"],"_links":{"self":[{"href":"https:\/\/hdpnoticias.com.ar\/index.php?rest_route=\/wp\/v2\/posts\/1104","targetHints":{"allow":["GET"]}}],"collection":[{"href":"https:\/\/hdpnoticias.com.ar\/index.php?rest_route=\/wp\/v2\/posts"}],"about":[{"href":"https:\/\/hdpnoticias.com.ar\/index.php?rest_route=\/wp\/v2\/types\/post"}],"author":[{"embeddable":true,"href":"https:\/\/hdpnoticias.com.ar\/index.php?rest_route=\/wp\/v2\/users\/1"}],"replies":[{"embeddable":true,"href":"https:\/\/hdpnoticias.com.ar\/index.php?rest_route=%2Fwp%2Fv2%2Fcomments&post=1104"}],"version-history":[{"count":1,"href":"https:\/\/hdpnoticias.com.ar\/index.php?rest_route=\/wp\/v2\/posts\/1104\/revisions"}],"predecessor-version":[{"id":1106,"href":"https:\/\/hdpnoticias.com.ar\/index.php?rest_route=\/wp\/v2\/posts\/1104\/revisions\/1106"}],"wp:featuredmedia":[{"embeddable":true,"href":"https:\/\/hdpnoticias.com.ar\/index.php?rest_route=\/wp\/v2\/media\/1105"}],"wp:attachment":[{"href":"https:\/\/hdpnoticias.com.ar\/index.php?rest_route=%2Fwp%2Fv2%2Fmedia&parent=1104"}],"wp:term":[{"taxonomy":"category","embeddable":true,"href":"https:\/\/hdpnoticias.com.ar\/index.php?rest_route=%2Fwp%2Fv2%2Fcategories&post=1104"},{"taxonomy":"post_tag","embeddable":true,"href":"https:\/\/hdpnoticias.com.ar\/index.php?rest_route=%2Fwp%2Fv2%2Ftags&post=1104"}],"curies":[{"name":"wp","href":"https:\/\/api.w.org\/{rel}","templated":true}]}}