{"id":11015,"date":"2025-05-04T22:22:00","date_gmt":"2025-05-05T01:22:00","guid":{"rendered":"https:\/\/hdpnoticias.com.ar\/?p=11015"},"modified":"2025-05-05T06:27:01","modified_gmt":"2025-05-05T09:27:01","slug":"plaza-brutal-choque-frontal-de-camionetas-en-la-ruta-16","status":"publish","type":"post","link":"https:\/\/hdpnoticias.com.ar\/?p=11015","title":{"rendered":"Plaza: brutal choque frontal de camionetas en la ruta 16"},"content":{"rendered":"\n<figure class=\"wp-block-image size-full\"><img loading=\"lazy\" decoding=\"async\" width=\"720\" height=\"90\" src=\"http:\/\/hdpnoticias.com.ar\/wp-content\/uploads\/2024\/05\/Obras-Publicas.gif\" alt=\"\" class=\"wp-image-6818\"\/><\/figure>\n\n\n\n<p>Minutos antes de las 20 de este domingo, 2 Toyota Hilux protagonizaron un violento choque frontal en el kil\u00f3metro 107 de la ruta nacional 16, en Presidencia de la Plaza.<\/p>\n\n\n\n<p>El primero de los veh\u00edculos era conducido por un empleado de la Subsecretar\u00eda de Ganader\u00eda, del Ministro de Producci\u00f3n de la Provincia, de 28 a\u00f1os, domiciliado en Villa \u00c1ngela, acompa\u00f1ado por una mujer de 52.<\/p>\n\n\n\n<p>En el otro viajaban un hombre de 69 y una mujer de 53, de Presidencia Roque S\u00e1enz Pe\u00f1a. \u00c9l qued\u00f3 atrapado en la cabina y debi\u00f3 ser rescatado por los bomberos.<\/p>\n\n\n\n<p>Ambos conductores sufrieron la fractura de su brazo izquierdo, mientras que a sus acompa\u00f1antes les diagnosticaron traumatismo de t\u00f3rax.<\/p>\n\n\n\n<p>Fueron trasladados primero al hospital local y desde ah\u00ed derivados al Perrando, de Resistencia.<\/p>\n\n\n\n<p>Por el siniestro el tr\u00e1nsito estuvo interrumpido por varias horas, lo que provoc\u00f3 que se formaran colas de unos 8 kil\u00f3metros en ambos sentidos.<\/p>\n","protected":false},"excerpt":{"rendered":"<p>Minutos antes de las 20 de este domingo, 2 Toyota Hilux protagonizaron un violento choque frontal en el kil\u00f3metro 107 de la ruta nacional 16, en Presidencia de la Plaza. El primero de los veh\u00edculos era conducido por un empleado de la Subsecretar\u00eda de Ganader\u00eda, del Ministro de Producci\u00f3n de la Provincia, de 28 a\u00f1os, [&hellip;]<\/p>\n","protected":false},"author":1,"featured_media":11016,"comment_status":"open","ping_status":"open","sticky":false,"template":"","format":"standard","meta":{"footnotes":""},"categories":[26],"tags":[2101,624,4849,357,712,218,390],"class_list":["post-11015","post","type-post","status-publish","format-standard","has-post-thumbnail","hentry","category-policiales","tag-choque-frontal","tag-ford","tag-hlux","tag-plaza","tag-ranger","tag-ruta-16","tag-toyota"],"_links":{"self":[{"href":"https:\/\/hdpnoticias.com.ar\/index.php?rest_route=\/wp\/v2\/posts\/11015","targetHints":{"allow":["GET"]}}],"collection":[{"href":"https:\/\/hdpnoticias.com.ar\/index.php?rest_route=\/wp\/v2\/posts"}],"about":[{"href":"https:\/\/hdpnoticias.com.ar\/index.php?rest_route=\/wp\/v2\/types\/post"}],"author":[{"embeddable":true,"href":"https:\/\/hdpnoticias.com.ar\/index.php?rest_route=\/wp\/v2\/users\/1"}],"replies":[{"embeddable":true,"href":"https:\/\/hdpnoticias.com.ar\/index.php?rest_route=%2Fwp%2Fv2%2Fcomments&post=11015"}],"version-history":[{"count":2,"href":"https:\/\/hdpnoticias.com.ar\/index.php?rest_route=\/wp\/v2\/posts\/11015\/revisions"}],"predecessor-version":[{"id":11018,"href":"https:\/\/hdpnoticias.com.ar\/index.php?rest_route=\/wp\/v2\/posts\/11015\/revisions\/11018"}],"wp:featuredmedia":[{"embeddable":true,"href":"https:\/\/hdpnoticias.com.ar\/index.php?rest_route=\/wp\/v2\/media\/11016"}],"wp:attachment":[{"href":"https:\/\/hdpnoticias.com.ar\/index.php?rest_route=%2Fwp%2Fv2%2Fmedia&parent=11015"}],"wp:term":[{"taxonomy":"category","embeddable":true,"href":"https:\/\/hdpnoticias.com.ar\/index.php?rest_route=%2Fwp%2Fv2%2Fcategories&post=11015"},{"taxonomy":"post_tag","embeddable":true,"href":"https:\/\/hdpnoticias.com.ar\/index.php?rest_route=%2Fwp%2Fv2%2Ftags&post=11015"}],"curies":[{"name":"wp","href":"https:\/\/api.w.org\/{rel}","templated":true}]}}