{"id":10987,"date":"2025-05-02T21:34:20","date_gmt":"2025-05-03T00:34:20","guid":{"rendered":"https:\/\/hdpnoticias.com.ar\/?p=10987"},"modified":"2025-05-02T21:34:22","modified_gmt":"2025-05-03T00:34:22","slug":"el-abogado-ricardo-osuna-choco-un-motociclista-con-un-bmw","status":"publish","type":"post","link":"https:\/\/hdpnoticias.com.ar\/?p=10987","title":{"rendered":"El abogado Ricardo Osuna choc\u00f3 un motociclista con un BMW"},"content":{"rendered":"\n<figure class=\"wp-block-image size-full\"><img loading=\"lazy\" decoding=\"async\" width=\"728\" height=\"90\" src=\"http:\/\/hdpnoticias.com.ar\/wp-content\/uploads\/2024\/05\/Nachec.gif\" alt=\"\" class=\"wp-image-6814\"\/><\/figure>\n\n\n\n<p>El abogado Ricardo Osuna, que d\u00edas atr\u00e1s recuper\u00f3 la libertad bajo fianza en una causa en la que se lo acusa de abigeato, protagoniz\u00f3 un accidente de tr\u00e1nsito en el microcentro de Resistencia.<\/p>\n\n\n\n<p>Conduc\u00eda un BMW X328i cuando en la intersecci\u00f3n de la avenida Rivadavia y la calle Liniers, embisti\u00f3 a un joven a bordo de una Motomel Blitz, de 110cc.<\/p>\n\n\n\n<p>El motociclista, de 22 a\u00f1os, fue trasladado al hospital Perrando a bordo de una ambulancia.<\/p>\n\n\n\n<p>Osuna, defensor del dirigente piquetero Emerenciano Sena, detenido por la muerte de Cecilia Strzyzowski, deposit\u00f3 una cauci\u00f3n de 325 millones de pesos en Semana Santa para ser liberado.<\/p>\n","protected":false},"excerpt":{"rendered":"<p>El abogado Ricardo Osuna, que d\u00edas atr\u00e1s recuper\u00f3 la libertad bajo fianza en una causa en la que se lo acusa de abigeato, protagoniz\u00f3 un accidente de tr\u00e1nsito en el microcentro de Resistencia. Conduc\u00eda un BMW X328i cuando en la intersecci\u00f3n de la avenida Rivadavia y la calle Liniers, embisti\u00f3 a un joven a bordo [&hellip;]<\/p>\n","protected":false},"author":1,"featured_media":10988,"comment_status":"open","ping_status":"open","sticky":false,"template":"","format":"standard","meta":{"footnotes":""},"categories":[26],"tags":[4836,700,486,2326,1813,793,4774,78,49],"class_list":["post-10987","post","type-post","status-publish","format-standard","has-post-thumbnail","hentry","category-policiales","tag-328i","tag-abigeato","tag-blitz","tag-bmw","tag-cecilia","tag-emerenciano","tag-fianza","tag-motomel","tag-resistencia"],"_links":{"self":[{"href":"https:\/\/hdpnoticias.com.ar\/index.php?rest_route=\/wp\/v2\/posts\/10987","targetHints":{"allow":["GET"]}}],"collection":[{"href":"https:\/\/hdpnoticias.com.ar\/index.php?rest_route=\/wp\/v2\/posts"}],"about":[{"href":"https:\/\/hdpnoticias.com.ar\/index.php?rest_route=\/wp\/v2\/types\/post"}],"author":[{"embeddable":true,"href":"https:\/\/hdpnoticias.com.ar\/index.php?rest_route=\/wp\/v2\/users\/1"}],"replies":[{"embeddable":true,"href":"https:\/\/hdpnoticias.com.ar\/index.php?rest_route=%2Fwp%2Fv2%2Fcomments&post=10987"}],"version-history":[{"count":1,"href":"https:\/\/hdpnoticias.com.ar\/index.php?rest_route=\/wp\/v2\/posts\/10987\/revisions"}],"predecessor-version":[{"id":10989,"href":"https:\/\/hdpnoticias.com.ar\/index.php?rest_route=\/wp\/v2\/posts\/10987\/revisions\/10989"}],"wp:featuredmedia":[{"embeddable":true,"href":"https:\/\/hdpnoticias.com.ar\/index.php?rest_route=\/wp\/v2\/media\/10988"}],"wp:attachment":[{"href":"https:\/\/hdpnoticias.com.ar\/index.php?rest_route=%2Fwp%2Fv2%2Fmedia&parent=10987"}],"wp:term":[{"taxonomy":"category","embeddable":true,"href":"https:\/\/hdpnoticias.com.ar\/index.php?rest_route=%2Fwp%2Fv2%2Fcategories&post=10987"},{"taxonomy":"post_tag","embeddable":true,"href":"https:\/\/hdpnoticias.com.ar\/index.php?rest_route=%2Fwp%2Fv2%2Ftags&post=10987"}],"curies":[{"name":"wp","href":"https:\/\/api.w.org\/{rel}","templated":true}]}}