{"id":10982,"date":"2025-05-01T22:33:11","date_gmt":"2025-05-02T01:33:11","guid":{"rendered":"https:\/\/hdpnoticias.com.ar\/?p=10982"},"modified":"2025-05-01T22:33:12","modified_gmt":"2025-05-02T01:33:12","slug":"libertad-de-expresion-el-tribunal-electoral-rechazo-la-censura-pedida-por-capitanich","status":"publish","type":"post","link":"https:\/\/hdpnoticias.com.ar\/?p=10982","title":{"rendered":"Libertad de Expresi\u00f3n: el Tribunal Electoral rechaz\u00f3 la censura pedida por Capitanich"},"content":{"rendered":"\n<figure class=\"wp-block-image size-full\"><img loading=\"lazy\" decoding=\"async\" width=\"720\" height=\"90\" src=\"http:\/\/hdpnoticias.com.ar\/wp-content\/uploads\/2024\/05\/Obras-Publicas.gif\" alt=\"\" class=\"wp-image-6818\"\/><\/figure>\n\n\n\n<p>El Tribunal Electoral integrado por Mar\u00eda Emilia Valle, presidente del Superior Tribunal de Justicia, y las juezas Antonia Cuadra y Cristina Pisarello, rechaz\u00f3 la petici\u00f3n del exgobernador Jorge Capitanich, candidato a diputado provincial por el frente Chaco Merece M\u00e1s, para que proh\u00edba la publicaci\u00f3n de informaci\u00f3n cr\u00edtica sobre \u00e9l.<\/p>\n\n\n\n<p>As\u00ed, en l\u00ednea con el dictamen del procurador fiscal V\u00edctor Recio, respondieron a la presentaci\u00f3n que hicieran Gerardo Stancheff, apoderado del frente Chaco Merece M\u00e1s, y Ra\u00fal Germ\u00e1n Bittel, \u201cresponsable de la campa\u00f1a\u201d, que denunciaron a medios de comunicaci\u00f3n, periodistas y usuarios de las redes sociales acus\u00e1ndolos de publicar informaci\u00f3n falsa sobre Capitanich.<\/p>\n\n\n\n<p>Los dirigentes alegaron que el contenido difundido afecta directamente a Capitanich al asociarlo a hechos de corrupci\u00f3n y funcionarios y aliados imputados por desv\u00edo de fondos p\u00fablicos. Pero las juezas interpretaron que se trata de fragmentos de noticias publicadas por los medios,&nbsp; cuya edici\u00f3n constituyo ejercicio de la libertad de expresi\u00f3n y de pensamiento consagrada por la Constituci\u00f3n Nacional, y respaldada por tratados internacionales, y que no corresponde condicionamiento ni censura previa.<\/p>\n\n\n\n<p>Paralelamente, indicaron que existen en la Justicia ordinaria otras v\u00edas a las que puede acudir quien se siente agraviado o afectados sus derechos.<\/p>\n\n\n\n<p>Os representantes de Capitanich tambi\u00e9n cuestionaron contenido promocionado en las redes sociales, y consideraron que estaban ante una clara violaci\u00f3n a la legislaci\u00f3n que define el financiamiento de las campa\u00f1as electorales.<\/p>\n\n\n\n<p>El Tribunal Electoral tampoco dio curso a este planteo, ya que la cuesti\u00f3n es competencia de la Justicia Federal, ante la que hicieron una presentaci\u00f3n id\u00e9ntica.<\/p>\n","protected":false},"excerpt":{"rendered":"<p>El Tribunal Electoral integrado por Mar\u00eda Emilia Valle, presidente del Superior Tribunal de Justicia, y las juezas Antonia Cuadra y Cristina Pisarello, rechaz\u00f3 la petici\u00f3n del exgobernador Jorge Capitanich, candidato a diputado provincial por el frente Chaco Merece M\u00e1s, para que proh\u00edba la publicaci\u00f3n de informaci\u00f3n cr\u00edtica sobre \u00e9l. As\u00ed, en l\u00ednea con el dictamen [&hellip;]<\/p>\n","protected":false},"author":1,"featured_media":10983,"comment_status":"open","ping_status":"open","sticky":false,"template":"","format":"standard","meta":{"footnotes":""},"categories":[27],"tags":[29,3644,37,4686,682,246,4835],"class_list":["post-10982","post","type-post","status-publish","format-standard","has-post-thumbnail","hentry","category-politica","tag-capitanich","tag-censura","tag-chaco","tag-chaco-merece-mas","tag-diputado","tag-elecciones","tag-libertad-de-expresion"],"_links":{"self":[{"href":"https:\/\/hdpnoticias.com.ar\/index.php?rest_route=\/wp\/v2\/posts\/10982","targetHints":{"allow":["GET"]}}],"collection":[{"href":"https:\/\/hdpnoticias.com.ar\/index.php?rest_route=\/wp\/v2\/posts"}],"about":[{"href":"https:\/\/hdpnoticias.com.ar\/index.php?rest_route=\/wp\/v2\/types\/post"}],"author":[{"embeddable":true,"href":"https:\/\/hdpnoticias.com.ar\/index.php?rest_route=\/wp\/v2\/users\/1"}],"replies":[{"embeddable":true,"href":"https:\/\/hdpnoticias.com.ar\/index.php?rest_route=%2Fwp%2Fv2%2Fcomments&post=10982"}],"version-history":[{"count":1,"href":"https:\/\/hdpnoticias.com.ar\/index.php?rest_route=\/wp\/v2\/posts\/10982\/revisions"}],"predecessor-version":[{"id":10984,"href":"https:\/\/hdpnoticias.com.ar\/index.php?rest_route=\/wp\/v2\/posts\/10982\/revisions\/10984"}],"wp:featuredmedia":[{"embeddable":true,"href":"https:\/\/hdpnoticias.com.ar\/index.php?rest_route=\/wp\/v2\/media\/10983"}],"wp:attachment":[{"href":"https:\/\/hdpnoticias.com.ar\/index.php?rest_route=%2Fwp%2Fv2%2Fmedia&parent=10982"}],"wp:term":[{"taxonomy":"category","embeddable":true,"href":"https:\/\/hdpnoticias.com.ar\/index.php?rest_route=%2Fwp%2Fv2%2Fcategories&post=10982"},{"taxonomy":"post_tag","embeddable":true,"href":"https:\/\/hdpnoticias.com.ar\/index.php?rest_route=%2Fwp%2Fv2%2Ftags&post=10982"}],"curies":[{"name":"wp","href":"https:\/\/api.w.org\/{rel}","templated":true}]}}