{"id":10974,"date":"2025-04-30T23:30:00","date_gmt":"2025-05-01T02:30:00","guid":{"rendered":"https:\/\/hdpnoticias.com.ar\/?p=10974"},"modified":"2025-05-05T09:23:45","modified_gmt":"2025-05-05T12:23:45","slug":"educacion-en-el-debate-a-capitanich-le-recordaron-que-nombro-a-emerenciano-director-de-escuela","status":"publish","type":"post","link":"https:\/\/hdpnoticias.com.ar\/?p=10974","title":{"rendered":"Educaci\u00f3n en el debate: a Capitanich le recordaron que nombr\u00f3 a Emerenciano director de escuela"},"content":{"rendered":"\n<figure class=\"wp-block-image size-full\"><img loading=\"lazy\" decoding=\"async\" width=\"728\" height=\"90\" src=\"http:\/\/hdpnoticias.com.ar\/wp-content\/uploads\/2024\/05\/Nachec.gif\" alt=\"\" class=\"wp-image-6814\"\/><\/figure>\n\n\n\n<p>La noche de este mi\u00e9rcoles se celebr\u00f3 en el Centro de Convenciones Gala, de Resistencia, el segundo debate preelectoral de candidatos a diputados provinciales que encabezan las listas para las elecciones del 11 de mayo.<\/p>\n\n\n\n<p>Como ocurri\u00f3 en el primero, en Villa \u00c1ngela, la modalidad se acot\u00f3 a una exposici\u00f3n de 2 minutos y un minuto de r\u00e9plica, pero no hubo instancias para la interacci\u00f3n de los oponentes, aunque de todos modos algunos lo hicieron.<\/p>\n\n\n\n<p>Uno de los ejes tem\u00e1ticos abordados fue Educaci\u00f3n. A su turno, el exgobernador Jorge Capitanich, candidato de Chaco Merece M\u00e1s, bas\u00f3 su estrategia en subrayar lo que considera logros de sus tres gestiones al frente del Poder Ejecutivo provincial. Para \u00e9l, hubo un notorio incremento de la calidad educativa.<\/p>\n\n\n\n<p>Varios de los otros candidatos no coincidieron con su balance, y recordaron que Chaco lleva muchos a\u00f1os en el \u00faltimo lugar en las pruebas que eval\u00faan el nivel de aprendizaje.<\/p>\n\n\n\n<p>Julio Ferro, del frente Chaco Puede, atribuy\u00f3 esto a la flexibilizaci\u00f3n de los criterios de evaluaci\u00f3n implementados por la gesti\u00f3n de Capitanich y del uso de la Educaci\u00f3n como una cartera pol\u00edtica, con \u201cjugadores de f\u00fatbol y b\u00e1squet de algunos clubes a los que se les pagaba su sueldo con horas c\u00e1tedra\u201d, y a \u201cpiqueteros desempe\u00f1\u00e1ndose como docentes\u201d. Esto, en obvia alusi\u00f3n a la situaci\u00f3n detectada en el Club Sarmiento, que presidiera Capitanich\u201d, y a la apertura de las Escuela P\u00fablica de Gesti\u00f3n Social asignadas a l\u00edderes piqueteros como Emerenciano Sena y Quint\u00edn G\u00f3mez.<\/p>\n\n\n\n<p>Y al profundizar, pregunt\u00f3: \u201c\u00bfCon qu\u00e9 criterio se nombr\u00f3 director de una escuela a Emerenciano Sena? \u00bfC\u00f3mo lleg\u00f3 a profesor?\u201d. Y sobre la EPGS 2, del barrio Emerenciano, volvi\u00f3 a denunciar que, \u201cadoctrinaban ni\u00f1os, oblig\u00e1ndolos a idolatrar al Che Guevara\u201d, y que \u201cse izaba la bandera de Cuba en lugar de la argentina\u201d. \u201c\u00bfEsa es la calidad educativa de la que habla?\u201d, remat\u00f3.<\/p>\n\n\n\n<p><strong>Apertura del ciclo lectivo<\/strong><\/p>\n\n\n\n<p>En su \u00faltimo a\u00f1o de gobierno, Capitanich encabez\u00f3 junto a Emerenciano Sena la apertura del ciclo lectivo para las Escuelas P\u00fablicas de Gesti\u00f3n Social justamente en la EPGS 2, a pesar de que los ciclos lectivos se dividen en niveles: Inicial, Primario y Secundario. De ese acto participaron otros dirigentes sociales invitados por el director anfitri\u00f3n, y varios funcionarios de Capitanich, entre ellos los ministros de Educaci\u00f3n: Aldo Lineras, y de Gobierno: Juan Manuel Chapo.<\/p>\n","protected":false},"excerpt":{"rendered":"<p>La noche de este mi\u00e9rcoles se celebr\u00f3 en el Centro de Convenciones Gala, de Resistencia, el segundo debate preelectoral de candidatos a diputados provinciales que encabezan las listas para las elecciones del 11 de mayo. Como ocurri\u00f3 en el primero, en Villa \u00c1ngela, la modalidad se acot\u00f3 a una exposici\u00f3n de 2 minutos y un [&hellip;]<\/p>\n","protected":false},"author":1,"featured_media":2675,"comment_status":"open","ping_status":"open","sticky":false,"template":"","format":"standard","meta":{"footnotes":""},"categories":[27],"tags":[29,4686,4683,2356,71,793,1204,265,257],"class_list":["post-10974","post","type-post","status-publish","format-standard","has-post-thumbnail","hentry","category-politica","tag-capitanich","tag-chaco-merece-mas","tag-chaco-puede","tag-debate","tag-diputados","tag-emerenciano","tag-ferro","tag-piqueteros","tag-sarmiento"],"_links":{"self":[{"href":"https:\/\/hdpnoticias.com.ar\/index.php?rest_route=\/wp\/v2\/posts\/10974","targetHints":{"allow":["GET"]}}],"collection":[{"href":"https:\/\/hdpnoticias.com.ar\/index.php?rest_route=\/wp\/v2\/posts"}],"about":[{"href":"https:\/\/hdpnoticias.com.ar\/index.php?rest_route=\/wp\/v2\/types\/post"}],"author":[{"embeddable":true,"href":"https:\/\/hdpnoticias.com.ar\/index.php?rest_route=\/wp\/v2\/users\/1"}],"replies":[{"embeddable":true,"href":"https:\/\/hdpnoticias.com.ar\/index.php?rest_route=%2Fwp%2Fv2%2Fcomments&post=10974"}],"version-history":[{"count":1,"href":"https:\/\/hdpnoticias.com.ar\/index.php?rest_route=\/wp\/v2\/posts\/10974\/revisions"}],"predecessor-version":[{"id":10975,"href":"https:\/\/hdpnoticias.com.ar\/index.php?rest_route=\/wp\/v2\/posts\/10974\/revisions\/10975"}],"wp:featuredmedia":[{"embeddable":true,"href":"https:\/\/hdpnoticias.com.ar\/index.php?rest_route=\/wp\/v2\/media\/2675"}],"wp:attachment":[{"href":"https:\/\/hdpnoticias.com.ar\/index.php?rest_route=%2Fwp%2Fv2%2Fmedia&parent=10974"}],"wp:term":[{"taxonomy":"category","embeddable":true,"href":"https:\/\/hdpnoticias.com.ar\/index.php?rest_route=%2Fwp%2Fv2%2Fcategories&post=10974"},{"taxonomy":"post_tag","embeddable":true,"href":"https:\/\/hdpnoticias.com.ar\/index.php?rest_route=%2Fwp%2Fv2%2Ftags&post=10974"}],"curies":[{"name":"wp","href":"https:\/\/api.w.org\/{rel}","templated":true}]}}