{"id":10955,"date":"2025-04-29T22:06:00","date_gmt":"2025-04-30T01:06:00","guid":{"rendered":"https:\/\/hdpnoticias.com.ar\/?p=10955"},"modified":"2025-05-05T09:15:49","modified_gmt":"2025-05-05T12:15:49","slug":"lavado-piquetero-recuperan-otra-4x4y-otra-moto-de-vanesa-lopez","status":"publish","type":"post","link":"https:\/\/hdpnoticias.com.ar\/?p=10955","title":{"rendered":"Lavado piquetero: secuestraron otra 4&#215;4 y otra moto a Vanesa L\u00f3pez"},"content":{"rendered":"\n<figure class=\"wp-block-image size-full\"><img loading=\"lazy\" decoding=\"async\" width=\"728\" height=\"90\" src=\"http:\/\/hdpnoticias.com.ar\/wp-content\/uploads\/2024\/05\/Nachec.gif\" alt=\"\" class=\"wp-image-6814\"\/><\/figure>\n\n\n\n<p>A instancias de la Justicia Federal, la Polic\u00eda del Chaco logr\u00f3 el secuestro de una VW Amarok y una Yamaha XTZ 125 que la dirigente piquetera Vanesa L\u00f3pez hab\u00eda adquirido para lavar fondos p\u00fablicos, seg\u00fan la sentencia en la que ella, Walter Liva y Claudio Ojeda fueron condenados a 3 a\u00f1os de prisi\u00f3n.<\/p>\n\n\n\n<p>Vanesa L\u00f3pez fue enjuiciada por comercializar en supermercados grandes cantidades de mercader\u00eda que el Ministerio de Desarrollo Social le asignaba a su movimiento durante el gobierno de Jorge Capitanich.<\/p>\n\n\n\n<p>Durante la instrucci\u00f3n de la causa, se detectaron bienes a nombre de L\u00f3pez y familiares, cuya adquisici\u00f3n era imposible justificar con el nivel de ingresos declarados.<\/p>\n\n\n\n<p>En ese marco fueron secuestrados oportunamente una Dodge RAM, un Chevrolet Cruze y una Honda Biz.<\/p>\n\n\n\n<p>Los veh\u00edculos recuperados hoy hab\u00edan sido vendidos en las ciudades en Villa Ocampo y Las Toscas, en Santa Fe. El operativo se realiz\u00f3 en forma conjunta con la Polic\u00eda de esa provincia.<\/p>\n","protected":false},"excerpt":{"rendered":"<p>A instancias de la Justicia Federal, la Polic\u00eda del Chaco logr\u00f3 el secuestro de una VW Amarok y una Yamaha XTZ 125 que la dirigente piquetera Vanesa L\u00f3pez hab\u00eda adquirido para lavar fondos p\u00fablicos, seg\u00fan la sentencia en la que ella, Walter Liva y Claudio Ojeda fueron condenados a 3 a\u00f1os de prisi\u00f3n. Vanesa L\u00f3pez [&hellip;]<\/p>\n","protected":false},"author":1,"featured_media":10956,"comment_status":"open","ping_status":"open","sticky":false,"template":"","format":"standard","meta":{"footnotes":""},"categories":[6,27],"tags":[4829,29,1591,4830,445,1801,2079,1745,4828,89,3015,1773],"class_list":["post-10955","post","type-post","status-publish","format-standard","has-post-thumbnail","hentry","category-info-general","category-politica","tag-amarik","tag-capitanich","tag-condenada","tag-didge","tag-honda","tag-lavado","tag-piquetera","tag-ram","tag-vanesa","tag-vw","tag-xtz","tag-yamaha"],"_links":{"self":[{"href":"https:\/\/hdpnoticias.com.ar\/index.php?rest_route=\/wp\/v2\/posts\/10955","targetHints":{"allow":["GET"]}}],"collection":[{"href":"https:\/\/hdpnoticias.com.ar\/index.php?rest_route=\/wp\/v2\/posts"}],"about":[{"href":"https:\/\/hdpnoticias.com.ar\/index.php?rest_route=\/wp\/v2\/types\/post"}],"author":[{"embeddable":true,"href":"https:\/\/hdpnoticias.com.ar\/index.php?rest_route=\/wp\/v2\/users\/1"}],"replies":[{"embeddable":true,"href":"https:\/\/hdpnoticias.com.ar\/index.php?rest_route=%2Fwp%2Fv2%2Fcomments&post=10955"}],"version-history":[{"count":3,"href":"https:\/\/hdpnoticias.com.ar\/index.php?rest_route=\/wp\/v2\/posts\/10955\/revisions"}],"predecessor-version":[{"id":10959,"href":"https:\/\/hdpnoticias.com.ar\/index.php?rest_route=\/wp\/v2\/posts\/10955\/revisions\/10959"}],"wp:featuredmedia":[{"embeddable":true,"href":"https:\/\/hdpnoticias.com.ar\/index.php?rest_route=\/wp\/v2\/media\/10956"}],"wp:attachment":[{"href":"https:\/\/hdpnoticias.com.ar\/index.php?rest_route=%2Fwp%2Fv2%2Fmedia&parent=10955"}],"wp:term":[{"taxonomy":"category","embeddable":true,"href":"https:\/\/hdpnoticias.com.ar\/index.php?rest_route=%2Fwp%2Fv2%2Fcategories&post=10955"},{"taxonomy":"post_tag","embeddable":true,"href":"https:\/\/hdpnoticias.com.ar\/index.php?rest_route=%2Fwp%2Fv2%2Ftags&post=10955"}],"curies":[{"name":"wp","href":"https:\/\/api.w.org\/{rel}","templated":true}]}}