{"id":10945,"date":"2025-04-28T20:27:00","date_gmt":"2025-04-28T23:27:00","guid":{"rendered":"https:\/\/hdpnoticias.com.ar\/?p=10945"},"modified":"2025-05-05T09:04:41","modified_gmt":"2025-05-05T12:04:41","slug":"camion-termino-colgado-en-el-viaducto-de-la-autovia-de-la-ruta-16","status":"publish","type":"post","link":"https:\/\/hdpnoticias.com.ar\/?p=10945","title":{"rendered":"Cami\u00f3n termin\u00f3 colgado en el viaducto de la autov\u00eda de la ruta 16"},"content":{"rendered":"\n<figure class=\"wp-block-image size-full\"><img loading=\"lazy\" decoding=\"async\" width=\"720\" height=\"90\" src=\"http:\/\/hdpnoticias.com.ar\/wp-content\/uploads\/2024\/05\/Obras-Publicas.gif\" alt=\"\" class=\"wp-image-6818\"\/><\/figure>\n\n\n\n<p>La tarde de este lunes, un Ivaco Cursos semirremolque, de la compa\u00f1\u00eda Musimundo, sufri\u00f3 un aparatoso accidente en el viaducto de la autov\u00eda de la ruta nacional 16 sobre la avenida Sarmiento, en Resistencia.<\/p>\n\n\n\n<p>El cami\u00f3n circulaba en sentido hacia Corrientes cuando tras cursar el puente embisti\u00f3 el guardarrail met\u00e1lico y trep\u00f3 a la barrera de contenci\u00f3n de hormig\u00f3n. Termin\u00f3 haciendo equilibrio a punto de volcar hacia el carril inferior.<\/p>\n\n\n\n<p>Trascendi\u00f3 que el conductor se habr\u00eda descompensado al volante, al parecer habr\u00eda sufrido un ACV. Fue auxiliado y trasladado en ambulancia a un centro asistencial.<\/p>\n\n\n\n<p>Tras las pericias de personal de Criminal\u00edstica, reci\u00e9n en horas de la noche se inici\u00f3 el operativo para removerlo con una gr\u00faa de gran porte.<\/p>\n","protected":false},"excerpt":{"rendered":"<p>La tarde de este lunes, un Ivaco Cursos semirremolque, de la compa\u00f1\u00eda Musimundo, sufri\u00f3 un aparatoso accidente en el viaducto de la autov\u00eda de la ruta nacional 16 sobre la avenida Sarmiento, en Resistencia. El cami\u00f3n circulaba en sentido hacia Corrientes cuando tras cursar el puente embisti\u00f3 el guardarrail met\u00e1lico y trep\u00f3 a la barrera [&hellip;]<\/p>\n","protected":false},"author":1,"featured_media":10946,"comment_status":"open","ping_status":"open","sticky":false,"template":"","format":"standard","meta":{"footnotes":""},"categories":[6,26],"tags":[2094,636,169,4823,49,4824],"class_list":["post-10945","post","type-post","status-publish","format-standard","has-post-thumbnail","hentry","category-info-general","category-policiales","tag-acv","tag-autovia","tag-corrientes","tag-musimundo","tag-resistencia","tag-viaducto"],"_links":{"self":[{"href":"https:\/\/hdpnoticias.com.ar\/index.php?rest_route=\/wp\/v2\/posts\/10945","targetHints":{"allow":["GET"]}}],"collection":[{"href":"https:\/\/hdpnoticias.com.ar\/index.php?rest_route=\/wp\/v2\/posts"}],"about":[{"href":"https:\/\/hdpnoticias.com.ar\/index.php?rest_route=\/wp\/v2\/types\/post"}],"author":[{"embeddable":true,"href":"https:\/\/hdpnoticias.com.ar\/index.php?rest_route=\/wp\/v2\/users\/1"}],"replies":[{"embeddable":true,"href":"https:\/\/hdpnoticias.com.ar\/index.php?rest_route=%2Fwp%2Fv2%2Fcomments&post=10945"}],"version-history":[{"count":1,"href":"https:\/\/hdpnoticias.com.ar\/index.php?rest_route=\/wp\/v2\/posts\/10945\/revisions"}],"predecessor-version":[{"id":10947,"href":"https:\/\/hdpnoticias.com.ar\/index.php?rest_route=\/wp\/v2\/posts\/10945\/revisions\/10947"}],"wp:featuredmedia":[{"embeddable":true,"href":"https:\/\/hdpnoticias.com.ar\/index.php?rest_route=\/wp\/v2\/media\/10946"}],"wp:attachment":[{"href":"https:\/\/hdpnoticias.com.ar\/index.php?rest_route=%2Fwp%2Fv2%2Fmedia&parent=10945"}],"wp:term":[{"taxonomy":"category","embeddable":true,"href":"https:\/\/hdpnoticias.com.ar\/index.php?rest_route=%2Fwp%2Fv2%2Fcategories&post=10945"},{"taxonomy":"post_tag","embeddable":true,"href":"https:\/\/hdpnoticias.com.ar\/index.php?rest_route=%2Fwp%2Fv2%2Ftags&post=10945"}],"curies":[{"name":"wp","href":"https:\/\/api.w.org\/{rel}","templated":true}]}}