{"id":10889,"date":"2025-04-23T23:01:00","date_gmt":"2025-04-24T02:01:00","guid":{"rendered":"https:\/\/hdpnoticias.com.ar\/?p=10889"},"modified":"2025-05-05T08:39:44","modified_gmt":"2025-05-05T11:39:44","slug":"debate-preelectoral-capitanich-no-quiere-hablar-de-piqueteros-y-corrupcion","status":"publish","type":"post","link":"https:\/\/hdpnoticias.com.ar\/?p=10889","title":{"rendered":"Debate preelectoral: Capitanich no quiere hablar de piqueteros y corrupci\u00f3n"},"content":{"rendered":"\n<figure class=\"wp-block-image size-full\"><img loading=\"lazy\" decoding=\"async\" width=\"728\" height=\"90\" src=\"http:\/\/hdpnoticias.com.ar\/wp-content\/uploads\/2024\/05\/Nachec.gif\" alt=\"\" class=\"wp-image-6814\"\/><\/figure>\n\n\n\n<p>La noche de este mi\u00e9rcoles, en Villa \u00c1ngela, se celebr\u00f3 el primer debate preelectoral de candidatos a diputados provinciales con miras a las elecciones del 11 de mayo.<\/p>\n\n\n\n<p>Laura Gerzel, del Frente Arraigo; Marta Kassor, de Bases para la Libertad; Atlanto Honcheruk, de Primero Chaco; Gerardo Delgado, de Ahora Vos Chaco; Jorge Capitanich, de Chaco Merece M\u00e1s; Mar\u00eda Celeste Esp\u00ednola, de Proyecto Sur; Julio Ferro, de Chaco Puede; H\u00e9ctor Pruncini, de Leantad Popular; Jos\u00e9 Luis Centuri\u00f3n, de Participaci\u00f3n Ciudadana; C\u00e9sar B\u00e1ez, del Partido Obrero; y Juan Jos\u00e9 Bergia, de Nuevo Espacio Chaco Independiente, contrastaron sus propuestas en torno a varios ejes tem\u00e1ticos. El primero fue \u201cDesarrollo econ\u00f3mico, producci\u00f3n y ambiente\u201d.<\/p>\n\n\n\n<p>A su turno, el 3 veces gobernador Jorge Capitanich, le endos\u00f3 al gobierno actual, encabezado por Leandro Zdero, la crisis que atraviesa el campo, producto de la sequ\u00eda y antes de plantear sus propuestas contrast\u00f3 eso con lo que consider\u00f3 un balance sumamente exitoso de sus gestiones: \u201cEl campo est\u00e1 quebrado, los productores de la agricultura familiar est\u00e1n desfinanciados. Antes ten\u00edan todo, y hoy no tienen nada\u201d, sentenci\u00f3.<\/p>\n\n\n\n<p>Sus expresiones encontraron r\u00e1pida respuesta en varios de sus oponentes.<\/p>\n\n\n\n<p>El oficialista Julio Ferro, a prop\u00f3sito de la crisis de la agricultura familiar, describi\u00f3 como \u201cun antro de corrupci\u00f3n\u201d el Instituto de Agricultura Familiar y Econom\u00eda Popular, creado por Capitanich, que design\u00f3 al frente de ese organismo a Mauricio Andi\u00f3n, hoy preso, acusado de malversar y desviar fondos p\u00fablicos en un entramado del que eran parte fundamental algunos l\u00edderes piqueteros que hoy tambi\u00e9n est\u00e1n detenidos.<\/p>\n\n\n\n<p>\u201cLas fundaciones piqueteras se llevaban los fondos sin control alguno. Los que ten\u00edan que hacer viviendas se enriquecieron, tienen fondos a plazo fijo\u201d, espet\u00f3, y dijo que \u201clos piqueteros se repart\u00edan el bot\u00edn, ante la mirada impune del gobernador\u201d. Por esto, le pregunt\u00f3 a Capitanich si no supo controlar por incompetencia o simplemente era \u201cc\u00f3mplice\u201d de estas operaciones.<\/p>\n\n\n\n<p>Y tambi\u00e9n mencion\u00f3 la reciente reducci\u00f3n de impuestos para los sectores productivos, a trav\u00e9s de una ley propuesta por el Poder Ejecutivo, y le enrostr\u00f3 que \u201csus diputados no acompa\u00f1aron en la Legislatura\u201d.<\/p>\n\n\n\n<p><strong>No contesto agravios<\/strong><\/p>\n\n\n\n<p>Al momento de las r\u00e9plicas, Capitanich evit\u00f3 responder o referirse a los cuestionamientos. \u201cHe venido hoy a brindar propuestas, no a contestar agravios\u201d, se escud\u00f3, y desvi\u00f3 su discurso hacia el desarrollo de energ\u00edas renovables, hidrocarburos, inteligencia artificial, entre otras cuestiones.<\/p>\n\n\n\n<p><strong>Capitanich busca fueros<\/strong><\/p>\n\n\n\n<p>\u201cMe causa sorpresa y hasta indignaci\u00f3n las palabras del exgobernador. Nos dej\u00f3 un Chaco de pobreza, desidia y desocupaci\u00f3n, y hoy tiene todas las soluciones despu\u00e9s de gobernar durante 16 a\u00f1os\u201d, expres\u00f3 Ferro en su r\u00e9plica. Y remat\u00f3: \u201cNos separa un abismo moral: mientras usted busca fueros, nosotros buscamos un futuro mejor para nuestra provincia\u201d.<\/p>\n","protected":false},"excerpt":{"rendered":"<p>La noche de este mi\u00e9rcoles, en Villa \u00c1ngela, se celebr\u00f3 el primer debate preelectoral de candidatos a diputados provinciales con miras a las elecciones del 11 de mayo. Laura Gerzel, del Frente Arraigo; Marta Kassor, de Bases para la Libertad; Atlanto Honcheruk, de Primero Chaco; Gerardo Delgado, de Ahora Vos Chaco; Jorge Capitanich, de Chaco [&hellip;]<\/p>\n","protected":false},"author":1,"featured_media":10890,"comment_status":"open","ping_status":"open","sticky":false,"template":"","format":"standard","meta":{"footnotes":""},"categories":[27],"tags":[29,37,4686,4683,291,2356,71,246,1204,4807,265,921],"class_list":["post-10889","post","type-post","status-publish","format-standard","has-post-thumbnail","hentry","category-politica","tag-capitanich","tag-chaco","tag-chaco-merece-mas","tag-chaco-puede","tag-corrupcion","tag-debate","tag-diputados","tag-elecciones","tag-ferro","tag-fueros","tag-piqueteros","tag-zdero"],"_links":{"self":[{"href":"https:\/\/hdpnoticias.com.ar\/index.php?rest_route=\/wp\/v2\/posts\/10889","targetHints":{"allow":["GET"]}}],"collection":[{"href":"https:\/\/hdpnoticias.com.ar\/index.php?rest_route=\/wp\/v2\/posts"}],"about":[{"href":"https:\/\/hdpnoticias.com.ar\/index.php?rest_route=\/wp\/v2\/types\/post"}],"author":[{"embeddable":true,"href":"https:\/\/hdpnoticias.com.ar\/index.php?rest_route=\/wp\/v2\/users\/1"}],"replies":[{"embeddable":true,"href":"https:\/\/hdpnoticias.com.ar\/index.php?rest_route=%2Fwp%2Fv2%2Fcomments&post=10889"}],"version-history":[{"count":1,"href":"https:\/\/hdpnoticias.com.ar\/index.php?rest_route=\/wp\/v2\/posts\/10889\/revisions"}],"predecessor-version":[{"id":10891,"href":"https:\/\/hdpnoticias.com.ar\/index.php?rest_route=\/wp\/v2\/posts\/10889\/revisions\/10891"}],"wp:featuredmedia":[{"embeddable":true,"href":"https:\/\/hdpnoticias.com.ar\/index.php?rest_route=\/wp\/v2\/media\/10890"}],"wp:attachment":[{"href":"https:\/\/hdpnoticias.com.ar\/index.php?rest_route=%2Fwp%2Fv2%2Fmedia&parent=10889"}],"wp:term":[{"taxonomy":"category","embeddable":true,"href":"https:\/\/hdpnoticias.com.ar\/index.php?rest_route=%2Fwp%2Fv2%2Fcategories&post=10889"},{"taxonomy":"post_tag","embeddable":true,"href":"https:\/\/hdpnoticias.com.ar\/index.php?rest_route=%2Fwp%2Fv2%2Ftags&post=10889"}],"curies":[{"name":"wp","href":"https:\/\/api.w.org\/{rel}","templated":true}]}}