{"id":10874,"date":"2025-04-22T16:10:17","date_gmt":"2025-04-22T19:10:17","guid":{"rendered":"https:\/\/hdpnoticias.com.ar\/?p=10874"},"modified":"2025-05-05T08:27:39","modified_gmt":"2025-05-05T11:27:39","slug":"encuentran-muerto-a-un-joven-denunciado-por-violencia-de-genero-en-fontana","status":"publish","type":"post","link":"https:\/\/hdpnoticias.com.ar\/?p=10874","title":{"rendered":"Encuentran muerto a un joven denunciado por violencia de g\u00e9nero en Fontana"},"content":{"rendered":"\n<figure class=\"wp-block-image size-full\"><img loading=\"lazy\" decoding=\"async\" width=\"720\" height=\"90\" src=\"http:\/\/hdpnoticias.com.ar\/wp-content\/uploads\/2024\/05\/Copy-of-720x90-1.gif\" alt=\"\" class=\"wp-image-6806\"\/><\/figure>\n\n\n\n<p>La noche del lunes una mujer de 22 a\u00f1os, denunci\u00f3 a su pareja en la Comisar\u00eda Primera de Fontana, acus\u00e1ndolo de haberla agredido f\u00edsicamente.<\/p>\n\n\n\n<p>Una comisi\u00f3n acudi\u00f3 al asentamiento Lavalle, donde resid\u00eda el hombre, siguiendo el protocolo dispuesto para la situaci\u00f3n, y lo encontr\u00f3 ahorcado, colgado de un \u00e1rbol en el patio. Los polic\u00edas solicitaron asistencia m\u00e9dica pero ya estaba muerto.<\/p>\n\n\n\n<p>Fue identificado como Benjam\u00edn Javier Rivarola, de 24 a\u00f1os.<\/p>\n\n\n\n<p>El fiscal en turno dispuso que el cuerpo sea trasladado al Instituto de Medicina y Ciencias Forenses para la pr\u00e1ctica de la autopsia de rigor para determinar fehacientemente la causa de la muerte.<\/p>\n\n\n\n<p>Mientras, se investigan las circunstancias que rodearon el hecho denunciado y la muerte.<\/p>\n","protected":false},"excerpt":{"rendered":"<p>La noche del lunes una mujer de 22 a\u00f1os, denunci\u00f3 a su pareja en la Comisar\u00eda Primera de Fontana, acus\u00e1ndolo de haberla agredido f\u00edsicamente. Una comisi\u00f3n acudi\u00f3 al asentamiento Lavalle, donde resid\u00eda el hombre, siguiendo el protocolo dispuesto para la situaci\u00f3n, y lo encontr\u00f3 ahorcado, colgado de un \u00e1rbol en el patio. Los polic\u00edas solicitaron [&hellip;]<\/p>\n","protected":false},"author":1,"featured_media":10875,"comment_status":"open","ping_status":"open","sticky":false,"template":"","format":"standard","meta":{"footnotes":""},"categories":[26],"tags":[301,4801,2691,75,548],"class_list":["post-10874","post","type-post","status-publish","format-standard","has-post-thumbnail","hentry","category-policiales","tag-autopsia","tag-colgado","tag-denuncia","tag-fontana","tag-violencia-de-genero"],"_links":{"self":[{"href":"https:\/\/hdpnoticias.com.ar\/index.php?rest_route=\/wp\/v2\/posts\/10874","targetHints":{"allow":["GET"]}}],"collection":[{"href":"https:\/\/hdpnoticias.com.ar\/index.php?rest_route=\/wp\/v2\/posts"}],"about":[{"href":"https:\/\/hdpnoticias.com.ar\/index.php?rest_route=\/wp\/v2\/types\/post"}],"author":[{"embeddable":true,"href":"https:\/\/hdpnoticias.com.ar\/index.php?rest_route=\/wp\/v2\/users\/1"}],"replies":[{"embeddable":true,"href":"https:\/\/hdpnoticias.com.ar\/index.php?rest_route=%2Fwp%2Fv2%2Fcomments&post=10874"}],"version-history":[{"count":1,"href":"https:\/\/hdpnoticias.com.ar\/index.php?rest_route=\/wp\/v2\/posts\/10874\/revisions"}],"predecessor-version":[{"id":10876,"href":"https:\/\/hdpnoticias.com.ar\/index.php?rest_route=\/wp\/v2\/posts\/10874\/revisions\/10876"}],"wp:featuredmedia":[{"embeddable":true,"href":"https:\/\/hdpnoticias.com.ar\/index.php?rest_route=\/wp\/v2\/media\/10875"}],"wp:attachment":[{"href":"https:\/\/hdpnoticias.com.ar\/index.php?rest_route=%2Fwp%2Fv2%2Fmedia&parent=10874"}],"wp:term":[{"taxonomy":"category","embeddable":true,"href":"https:\/\/hdpnoticias.com.ar\/index.php?rest_route=%2Fwp%2Fv2%2Fcategories&post=10874"},{"taxonomy":"post_tag","embeddable":true,"href":"https:\/\/hdpnoticias.com.ar\/index.php?rest_route=%2Fwp%2Fv2%2Ftags&post=10874"}],"curies":[{"name":"wp","href":"https:\/\/api.w.org\/{rel}","templated":true}]}}