{"id":10855,"date":"2025-04-20T16:45:00","date_gmt":"2025-04-20T19:45:00","guid":{"rendered":"https:\/\/hdpnoticias.com.ar\/?p=10855"},"modified":"2025-04-20T20:02:18","modified_gmt":"2025-04-20T23:02:18","slug":"una-motociclista-de-27-anos-murio-en-un-accidente-en-resistencia","status":"publish","type":"post","link":"https:\/\/hdpnoticias.com.ar\/?p=10855","title":{"rendered":"Una motociclista de 27 a\u00f1os muri\u00f3 en un accidente en Resistencia"},"content":{"rendered":"\n<figure class=\"wp-block-image size-full\"><img loading=\"lazy\" decoding=\"async\" width=\"720\" height=\"90\" src=\"http:\/\/hdpnoticias.com.ar\/wp-content\/uploads\/2024\/05\/Obras-Publicas.gif\" alt=\"\" class=\"wp-image-6818\"\/><\/figure>\n\n\n\n<p>Estefan\u00eda Agustina Ayala, de 27 a\u00f1os, muri\u00f3 la madruga de este domingo en un accidente de tr\u00e1nsito en el centro de Resistencia.<\/p>\n\n\n\n<p>Circulaba como acompa\u00f1ante en una Honda XR 250cc conducida por Claudio Mart\u00ednez, un agente de polic\u00eda de 26 a\u00f1os, cuando en la intersecci\u00f3n de las avenidas 25 de Mayo y Belgrano, se toparon con un Chevrolet Astra.<\/p>\n\n\n\n<p>Producto del impacto, ella muri\u00f3 en el acto, mientras \u00e9l sufri\u00f3 un corte en la cabeza y una fractura expuesta en el miembro inferior derecho.<\/p>\n\n\n\n<p>El conductor del auto, de 33 a\u00f1os, fue sometido a un test de alcoholemia que dio resultado positivo: 0.1 g\/l., mientras la legislaci\u00f3n vigente proh\u00edbe el consumo de alcohol a conductores de todo tipo de veh\u00edculos.<\/p>\n\n\n\n<p>El fiscal Francisco As\u00eds de Obald\u00eda Eyseric, dispuso la detenci\u00f3n del automovilista. M\u00e1s el secuestro de la moto y el auto, y de la pistola calibre 9 mil\u00edmetros, reglamentaria, que portaba el polic\u00eda.<\/p>\n\n\n\n<p>Mientras, se intenta dilucidar la mec\u00e1nica del siniestro para determinar responsabilidades.<\/p>\n","protected":false},"excerpt":{"rendered":"<p>Estefan\u00eda Agustina Ayala, de 27 a\u00f1os, muri\u00f3 la madruga de este domingo en un accidente de tr\u00e1nsito en el centro de Resistencia. Circulaba como acompa\u00f1ante en una Honda XR 250cc conducida por Claudio Mart\u00ednez, un agente de polic\u00eda de 26 a\u00f1os, cuando en la intersecci\u00f3n de las avenidas 25 de Mayo y Belgrano, se toparon [&hellip;]<\/p>\n","protected":false},"author":1,"featured_media":10857,"comment_status":"open","ping_status":"open","sticky":false,"template":"","format":"standard","meta":{"footnotes":""},"categories":[26],"tags":[544,4323,338,445,55,49,1197],"class_list":["post-10855","post","type-post","status-publish","format-standard","has-post-thumbnail","hentry","category-policiales","tag-alcoholemia","tag-astra","tag-chevrolet","tag-honda","tag-policia","tag-resistencia","tag-xr"],"_links":{"self":[{"href":"https:\/\/hdpnoticias.com.ar\/index.php?rest_route=\/wp\/v2\/posts\/10855","targetHints":{"allow":["GET"]}}],"collection":[{"href":"https:\/\/hdpnoticias.com.ar\/index.php?rest_route=\/wp\/v2\/posts"}],"about":[{"href":"https:\/\/hdpnoticias.com.ar\/index.php?rest_route=\/wp\/v2\/types\/post"}],"author":[{"embeddable":true,"href":"https:\/\/hdpnoticias.com.ar\/index.php?rest_route=\/wp\/v2\/users\/1"}],"replies":[{"embeddable":true,"href":"https:\/\/hdpnoticias.com.ar\/index.php?rest_route=%2Fwp%2Fv2%2Fcomments&post=10855"}],"version-history":[{"count":1,"href":"https:\/\/hdpnoticias.com.ar\/index.php?rest_route=\/wp\/v2\/posts\/10855\/revisions"}],"predecessor-version":[{"id":10858,"href":"https:\/\/hdpnoticias.com.ar\/index.php?rest_route=\/wp\/v2\/posts\/10855\/revisions\/10858"}],"wp:featuredmedia":[{"embeddable":true,"href":"https:\/\/hdpnoticias.com.ar\/index.php?rest_route=\/wp\/v2\/media\/10857"}],"wp:attachment":[{"href":"https:\/\/hdpnoticias.com.ar\/index.php?rest_route=%2Fwp%2Fv2%2Fmedia&parent=10855"}],"wp:term":[{"taxonomy":"category","embeddable":true,"href":"https:\/\/hdpnoticias.com.ar\/index.php?rest_route=%2Fwp%2Fv2%2Fcategories&post=10855"},{"taxonomy":"post_tag","embeddable":true,"href":"https:\/\/hdpnoticias.com.ar\/index.php?rest_route=%2Fwp%2Fv2%2Ftags&post=10855"}],"curies":[{"name":"wp","href":"https:\/\/api.w.org\/{rel}","templated":true}]}}