{"id":10842,"date":"2025-04-19T16:07:28","date_gmt":"2025-04-19T19:07:28","guid":{"rendered":"https:\/\/hdpnoticias.com.ar\/?p=10842"},"modified":"2025-04-19T16:07:30","modified_gmt":"2025-04-19T19:07:30","slug":"un-hombre-desaparecio-con-sus-6-hijos-menores-en-la-zona-sur-de-resistencia","status":"publish","type":"post","link":"https:\/\/hdpnoticias.com.ar\/?p=10842","title":{"rendered":"Un hombre desapareci\u00f3 con sus 6 hijos menores en la zona sur de Resistencia"},"content":{"rendered":"\n<figure class=\"wp-block-image size-full\"><img loading=\"lazy\" decoding=\"async\" width=\"728\" height=\"90\" src=\"http:\/\/hdpnoticias.com.ar\/wp-content\/uploads\/2024\/05\/Nachec.gif\" alt=\"\" class=\"wp-image-6814\"\/><\/figure>\n\n\n\n<p>La ma\u00f1ana de este s\u00e1bado, una mujer de 35 a\u00f1os domiciliada en el barrio Zampa, en la zona sur de Resistencia, denuncio la desaparici\u00f3n de su expareja: Alcides Alfonzo, de 57, de su casa en el barrio G\u00fciraldes.<\/p>\n\n\n\n<p>Adem\u00e1s, desaparecieron con \u00e9l los 6 hijos de ambos: Ariel, de 14 a\u00f1os; Benjam\u00edn, de 11; Sebasti\u00e1n, de 9; Dana, de 7; Tiziano, de 5; y Joaqu\u00edn, de 4.<\/p>\n\n\n\n<p>En la denuncia aport\u00f3 descripci\u00f3n de Alfonzo, quien tendr\u00eda una estatura de 1,8 metros, aproximadamente, pelo corto, es de contextura delgada y se destaca una particularidad: tiene un ojo verde y el otro celeste.<\/p>\n\n\n\n<p>La Polic\u00eda despleg\u00f3 un operativo que en una primera etapa ocup\u00f3 a personal de la Comisar\u00eda Quinta, pero ya se extendi\u00f3 a otras unidades.<\/p>\n","protected":false},"excerpt":{"rendered":"<p>La ma\u00f1ana de este s\u00e1bado, una mujer de 35 a\u00f1os domiciliada en el barrio Zampa, en la zona sur de Resistencia, denuncio la desaparici\u00f3n de su expareja: Alcides Alfonzo, de 57, de su casa en el barrio G\u00fciraldes. Adem\u00e1s, desaparecieron con \u00e9l los 6 hijos de ambos: Ariel, de 14 a\u00f1os; Benjam\u00edn, de 11; Sebasti\u00e1n, [&hellip;]<\/p>\n","protected":false},"author":1,"featured_media":10843,"comment_status":"open","ping_status":"open","sticky":false,"template":"","format":"standard","meta":{"footnotes":""},"categories":[26],"tags":[4794,37,592,4793,49,96,97],"class_list":["post-10842","post","type-post","status-publish","format-standard","has-post-thumbnail","hentry","category-policiales","tag-guiraldes-2","tag-chaco","tag-desaparecido","tag-hijos","tag-resistencia","tag-zampa","tag-zona-sur"],"_links":{"self":[{"href":"https:\/\/hdpnoticias.com.ar\/index.php?rest_route=\/wp\/v2\/posts\/10842","targetHints":{"allow":["GET"]}}],"collection":[{"href":"https:\/\/hdpnoticias.com.ar\/index.php?rest_route=\/wp\/v2\/posts"}],"about":[{"href":"https:\/\/hdpnoticias.com.ar\/index.php?rest_route=\/wp\/v2\/types\/post"}],"author":[{"embeddable":true,"href":"https:\/\/hdpnoticias.com.ar\/index.php?rest_route=\/wp\/v2\/users\/1"}],"replies":[{"embeddable":true,"href":"https:\/\/hdpnoticias.com.ar\/index.php?rest_route=%2Fwp%2Fv2%2Fcomments&post=10842"}],"version-history":[{"count":1,"href":"https:\/\/hdpnoticias.com.ar\/index.php?rest_route=\/wp\/v2\/posts\/10842\/revisions"}],"predecessor-version":[{"id":10844,"href":"https:\/\/hdpnoticias.com.ar\/index.php?rest_route=\/wp\/v2\/posts\/10842\/revisions\/10844"}],"wp:featuredmedia":[{"embeddable":true,"href":"https:\/\/hdpnoticias.com.ar\/index.php?rest_route=\/wp\/v2\/media\/10843"}],"wp:attachment":[{"href":"https:\/\/hdpnoticias.com.ar\/index.php?rest_route=%2Fwp%2Fv2%2Fmedia&parent=10842"}],"wp:term":[{"taxonomy":"category","embeddable":true,"href":"https:\/\/hdpnoticias.com.ar\/index.php?rest_route=%2Fwp%2Fv2%2Fcategories&post=10842"},{"taxonomy":"post_tag","embeddable":true,"href":"https:\/\/hdpnoticias.com.ar\/index.php?rest_route=%2Fwp%2Fv2%2Ftags&post=10842"}],"curies":[{"name":"wp","href":"https:\/\/api.w.org\/{rel}","templated":true}]}}