{"id":10815,"date":"2025-04-16T21:36:20","date_gmt":"2025-04-17T00:36:20","guid":{"rendered":"https:\/\/hdpnoticias.com.ar\/?p=10815"},"modified":"2025-05-05T08:15:46","modified_gmt":"2025-05-05T11:15:46","slug":"ajuste-de-cuentas-en-saenz-pena-acribillaron-a-un-hombre-en-su-casa","status":"publish","type":"post","link":"https:\/\/hdpnoticias.com.ar\/?p=10815","title":{"rendered":"Ajuste de cuentas en S\u00e1enz Pe\u00f1a: acribillaron a un hombre en su casa"},"content":{"rendered":"\n<figure class=\"wp-block-image size-full\"><img loading=\"lazy\" decoding=\"async\" width=\"720\" height=\"90\" src=\"http:\/\/hdpnoticias.com.ar\/wp-content\/uploads\/2024\/05\/Copy-of-720x90-1.gif\" alt=\"\" class=\"wp-image-6806\"\/><\/figure>\n\n\n\n<p>El mediod\u00eda de este mi\u00e9rcoles un hombre irrumpi\u00f3 armado en la vivienda de Maximiliano Acevedo, en el barrio Col\u00f3n, en Presidencia Roque S\u00e1enz Pe\u00f1a, y sin mediar palabra le efectu\u00f3 varios disparos y escap\u00f3 del lugar.<\/p>\n\n\n\n<p>La v\u00edctima, de 28 a\u00f1os, fue auxiliada y trasladada al hospital 4 de Junio, donde muri\u00f3 una hora despu\u00e9s producto de los disparos que impactaron uno en cada muslo, uno en el brazo derecho, otro en una mano y el quinto y m\u00e1s grave: en el t\u00f3rax, con orificio de entrada en la axila derecha.<\/p>\n\n\n\n<p>Los testigos identificaron al atacante como Guillermo Bord\u00f3n, domiciliado en la calle 7 entre 42 y 44, en el barrio Tiro Federal, a unas 10 cuadras al sur del lugar del ataque.<\/p>\n\n\n\n<p>Se despleg\u00f3 un operativo policial para detenerlo, y una comisi\u00f3n policial lo atrap\u00f3 en inmediaciones de su vivienda.<\/p>\n\n\n\n<p>Aunque la investigaci\u00f3n est\u00e1 en ciernes, todo apunta a un ajuste de cuentas. Ahora indagan en la relaci\u00f3n que hab\u00eda entre Acevedo y Bord\u00f3n.<\/p>\n","protected":false},"excerpt":{"rendered":"<p>El mediod\u00eda de este mi\u00e9rcoles un hombre irrumpi\u00f3 armado en la vivienda de Maximiliano Acevedo, en el barrio Col\u00f3n, en Presidencia Roque S\u00e1enz Pe\u00f1a, y sin mediar palabra le efectu\u00f3 varios disparos y escap\u00f3 del lugar. La v\u00edctima, de 28 a\u00f1os, fue auxiliada y trasladada al hospital 4 de Junio, donde muri\u00f3 una hora despu\u00e9s [&hellip;]<\/p>\n","protected":false},"author":1,"featured_media":10816,"comment_status":"open","ping_status":"open","sticky":false,"template":"","format":"standard","meta":{"footnotes":""},"categories":[26],"tags":[153,490,113,627,4788,1535],"class_list":["post-10815","post","type-post","status-publish","format-standard","has-post-thumbnail","hentry","category-policiales","tag-4-de-junio","tag-acribillado","tag-ajuste-de-cuentas","tag-colon","tag-sanez-pena","tag-tiro-federal"],"_links":{"self":[{"href":"https:\/\/hdpnoticias.com.ar\/index.php?rest_route=\/wp\/v2\/posts\/10815","targetHints":{"allow":["GET"]}}],"collection":[{"href":"https:\/\/hdpnoticias.com.ar\/index.php?rest_route=\/wp\/v2\/posts"}],"about":[{"href":"https:\/\/hdpnoticias.com.ar\/index.php?rest_route=\/wp\/v2\/types\/post"}],"author":[{"embeddable":true,"href":"https:\/\/hdpnoticias.com.ar\/index.php?rest_route=\/wp\/v2\/users\/1"}],"replies":[{"embeddable":true,"href":"https:\/\/hdpnoticias.com.ar\/index.php?rest_route=%2Fwp%2Fv2%2Fcomments&post=10815"}],"version-history":[{"count":1,"href":"https:\/\/hdpnoticias.com.ar\/index.php?rest_route=\/wp\/v2\/posts\/10815\/revisions"}],"predecessor-version":[{"id":10817,"href":"https:\/\/hdpnoticias.com.ar\/index.php?rest_route=\/wp\/v2\/posts\/10815\/revisions\/10817"}],"wp:featuredmedia":[{"embeddable":true,"href":"https:\/\/hdpnoticias.com.ar\/index.php?rest_route=\/wp\/v2\/media\/10816"}],"wp:attachment":[{"href":"https:\/\/hdpnoticias.com.ar\/index.php?rest_route=%2Fwp%2Fv2%2Fmedia&parent=10815"}],"wp:term":[{"taxonomy":"category","embeddable":true,"href":"https:\/\/hdpnoticias.com.ar\/index.php?rest_route=%2Fwp%2Fv2%2Fcategories&post=10815"},{"taxonomy":"post_tag","embeddable":true,"href":"https:\/\/hdpnoticias.com.ar\/index.php?rest_route=%2Fwp%2Fv2%2Ftags&post=10815"}],"curies":[{"name":"wp","href":"https:\/\/api.w.org\/{rel}","templated":true}]}}