{"id":10810,"date":"2025-04-15T21:19:35","date_gmt":"2025-04-16T00:19:35","guid":{"rendered":"https:\/\/hdpnoticias.com.ar\/?p=10810"},"modified":"2025-05-05T08:08:38","modified_gmt":"2025-05-05T11:08:38","slug":"violencia-de-genero-en-olivos-confirmaron-el-procesamiento-de-alberto-fernandez","status":"publish","type":"post","link":"https:\/\/hdpnoticias.com.ar\/?p=10810","title":{"rendered":"Violencia de g\u00e9nero en Olivos: confirmaron el procesamiento de Alberto Fern\u00e1ndez"},"content":{"rendered":"\n<figure class=\"wp-block-image size-full\"><img loading=\"lazy\" decoding=\"async\" width=\"720\" height=\"90\" src=\"http:\/\/hdpnoticias.com.ar\/wp-content\/uploads\/2024\/05\/Copy-of-720x90-1.gif\" alt=\"\" class=\"wp-image-6806\"\/><\/figure>\n\n\n\n<p>La Sala 2 de la C\u00e1mara Federal porte\u00f1a confirm\u00f3 el procesamiento del expresidente de la Nacion: Alberto Fern\u00e1ndez, en la causa que abri\u00f3 contra \u00e9l su expareja Fabiola Y\u00e1\u00f1ez por agresiones f\u00edsicas y maltrato mientras ambos resid\u00edan en la Quinta Presidencial de Olivos.<\/p>\n\n\n\n<p>Fern\u00e1ndez hab\u00eda apelado el procesamiento dictado por el juez federal Juli\u00e1n Ercolini, el 17 de febrero, por los delitos de amenazas coactivas y lesiones leves y graves, agravadas por haberse cometido en un contexto de violencia de g\u00e9nero.<\/p>\n\n\n\n<p>La votaci\u00f3n fue dividida: Mart\u00edn Irurzun y Eduardo Farah confirmaron el procesamiento, mientras Roberto Boico vot\u00f3 en disidencia.<\/p>\n\n\n\n<p>La C\u00e1mara decidi\u00f3 en l\u00ednea con el fiscal de C\u00e1mara, Jos\u00e9 Luis Ag\u00fcero Iturbe, que hab\u00eda pedido que se confirmara la sentencia contra el expresidente.<\/p>\n\n\n\n<p>El fiscal de primera instancia: Ramiro Gonz\u00e1lez, formul\u00f3 su acusaci\u00f3n en noviembre luego de haber considerado, entre otras cuestiones, el expresidente hab\u00eda ejercido violencia de varias maneras en una serie de oportunidades durante 2021.<\/p>\n\n\n\n<p>Ya\u00f1ez decidi\u00f3 instar la acci\u00f3n penal contra Fern\u00e1ndez en agosto del a\u00f1o pasado, luego de que, en el marco de otra causa, por presunta corrupci\u00f3n, se hicieran p\u00fablicas las conversaciones en las que le contaba a la exsecretaria de Fern\u00e1ndez, Mar\u00eda Cantero, los maltratos que sufri\u00f3 de su parte<\/p>\n","protected":false},"excerpt":{"rendered":"<p>La Sala 2 de la C\u00e1mara Federal porte\u00f1a confirm\u00f3 el procesamiento del expresidente de la Nacion: Alberto Fern\u00e1ndez, en la causa que abri\u00f3 contra \u00e9l su expareja Fabiola Y\u00e1\u00f1ez por agresiones f\u00edsicas y maltrato mientras ambos resid\u00edan en la Quinta Presidencial de Olivos. Fern\u00e1ndez hab\u00eda apelado el procesamiento dictado por el juez federal Juli\u00e1n Ercolini, [&hellip;]<\/p>\n","protected":false},"author":1,"featured_media":1878,"comment_status":"open","ping_status":"open","sticky":false,"template":"","format":"standard","meta":{"footnotes":""},"categories":[27],"tags":[68,291,3389,405,3370,454,548,4210],"class_list":["post-10810","post","type-post","status-publish","format-standard","has-post-thumbnail","hentry","category-politica","tag-alberto","tag-corrupcion","tag-fabiola","tag-fernandez","tag-olivos","tag-presidente","tag-violencia-de-genero","tag-yanez"],"_links":{"self":[{"href":"https:\/\/hdpnoticias.com.ar\/index.php?rest_route=\/wp\/v2\/posts\/10810","targetHints":{"allow":["GET"]}}],"collection":[{"href":"https:\/\/hdpnoticias.com.ar\/index.php?rest_route=\/wp\/v2\/posts"}],"about":[{"href":"https:\/\/hdpnoticias.com.ar\/index.php?rest_route=\/wp\/v2\/types\/post"}],"author":[{"embeddable":true,"href":"https:\/\/hdpnoticias.com.ar\/index.php?rest_route=\/wp\/v2\/users\/1"}],"replies":[{"embeddable":true,"href":"https:\/\/hdpnoticias.com.ar\/index.php?rest_route=%2Fwp%2Fv2%2Fcomments&post=10810"}],"version-history":[{"count":1,"href":"https:\/\/hdpnoticias.com.ar\/index.php?rest_route=\/wp\/v2\/posts\/10810\/revisions"}],"predecessor-version":[{"id":10811,"href":"https:\/\/hdpnoticias.com.ar\/index.php?rest_route=\/wp\/v2\/posts\/10810\/revisions\/10811"}],"wp:featuredmedia":[{"embeddable":true,"href":"https:\/\/hdpnoticias.com.ar\/index.php?rest_route=\/wp\/v2\/media\/1878"}],"wp:attachment":[{"href":"https:\/\/hdpnoticias.com.ar\/index.php?rest_route=%2Fwp%2Fv2%2Fmedia&parent=10810"}],"wp:term":[{"taxonomy":"category","embeddable":true,"href":"https:\/\/hdpnoticias.com.ar\/index.php?rest_route=%2Fwp%2Fv2%2Fcategories&post=10810"},{"taxonomy":"post_tag","embeddable":true,"href":"https:\/\/hdpnoticias.com.ar\/index.php?rest_route=%2Fwp%2Fv2%2Ftags&post=10810"}],"curies":[{"name":"wp","href":"https:\/\/api.w.org\/{rel}","templated":true}]}}