{"id":10807,"date":"2025-04-15T16:37:46","date_gmt":"2025-04-15T19:37:46","guid":{"rendered":"https:\/\/hdpnoticias.com.ar\/?p=10807"},"modified":"2025-05-05T08:06:39","modified_gmt":"2025-05-05T11:06:39","slug":"lavado-piquetero-secuestraron-una-amarok-en-poder-de-tiso-talavera","status":"publish","type":"post","link":"https:\/\/hdpnoticias.com.ar\/?p=10807","title":{"rendered":"Lavado piquetero: secuestraron una Amarok en poder de Tiso Talavera"},"content":{"rendered":"\n<figure class=\"wp-block-image size-full\"><img loading=\"lazy\" decoding=\"async\" width=\"728\" height=\"90\" src=\"http:\/\/hdpnoticias.com.ar\/wp-content\/uploads\/2024\/05\/Nachec.gif\" alt=\"\" class=\"wp-image-6814\"\/><\/figure>\n\n\n\n<p>La Polic\u00eda del Chaco logr\u00f3 hallar una Volkswagen Amarok sobre la que pesaba un pedido de secuestro emitido por la Justicia Federal en una causa por presunto lavado, en la que se investiga a varios dirigentes piqueteros, algunos de los cuales ya est\u00e1n detenidos.<\/p>\n\n\n\n<p>El veh\u00edculo estaba estacionado en la avenida Nicaragua al 125, en la zona sur de Resistencia, y estaba en poder del dirigente piquetero Ra\u00fal Celestino \u201cTiso\u201d Talavera, aunque pertenecer\u00eda a Marcos C\u00e1ceres, l\u00edder de la Agrupaci\u00f3n Juan Domingo Per\u00f3n, detenido al pasado 1 de abril.<\/p>\n\n\n\n<p>Tiso se movilizaba en la Amarok con su pareja, de 31 a\u00f1os, a la que present\u00f3 como la \u201cdue\u00f1a\u201d, y accedi\u00f3 a entregarla voluntariamente.<\/p>\n\n\n\n<p><strong>Viejos conocidos<\/strong><\/p>\n\n\n\n<p>Talavera lidera el movimiento No Al Gatillo F\u00e1cil, y fue uno de los cabecillas de los \u201ccontrapiquetes\u201d que respaldaba al gobierno de Jorge Capitanich oponi\u00e9ndose a las protestas de las entidades ruralistas contra la Resoluci\u00f3n 125, en 2008.<\/p>\n\n\n\n<p>Durante el gobierno de Domingo Peppo, acudi\u00f3 al exgobernador Jorge Capitanich, entonces intendente de Resistencia, para frenar el \u201cprotocolo antipiquetes\u201d que quer\u00eda implementar la Provincia con aval de la Legislatura. Y en 2019 fue uno de los dirigentes sociales a los que Capitanich apel\u00f3 para captar votos en su carrera por su tercer mandato como gobernador.<\/p>\n","protected":false},"excerpt":{"rendered":"<p>La Polic\u00eda del Chaco logr\u00f3 hallar una Volkswagen Amarok sobre la que pesaba un pedido de secuestro emitido por la Justicia Federal en una causa por presunto lavado, en la que se investiga a varios dirigentes piqueteros, algunos de los cuales ya est\u00e1n detenidos. El veh\u00edculo estaba estacionado en la avenida Nicaragua al 125, en [&hellip;]<\/p>\n","protected":false},"author":1,"featured_media":10808,"comment_status":"open","ping_status":"open","sticky":false,"template":"","format":"standard","meta":{"footnotes":""},"categories":[27],"tags":[913,29,1801,241,265,4784,3199,3198,89],"class_list":["post-10807","post","type-post","status-publish","format-standard","has-post-thumbnail","hentry","category-politica","tag-amarok","tag-capitanich","tag-lavado","tag-peppo","tag-piqueteros","tag-resolucion-125","tag-talavera","tag-tiso","tag-vw"],"_links":{"self":[{"href":"https:\/\/hdpnoticias.com.ar\/index.php?rest_route=\/wp\/v2\/posts\/10807","targetHints":{"allow":["GET"]}}],"collection":[{"href":"https:\/\/hdpnoticias.com.ar\/index.php?rest_route=\/wp\/v2\/posts"}],"about":[{"href":"https:\/\/hdpnoticias.com.ar\/index.php?rest_route=\/wp\/v2\/types\/post"}],"author":[{"embeddable":true,"href":"https:\/\/hdpnoticias.com.ar\/index.php?rest_route=\/wp\/v2\/users\/1"}],"replies":[{"embeddable":true,"href":"https:\/\/hdpnoticias.com.ar\/index.php?rest_route=%2Fwp%2Fv2%2Fcomments&post=10807"}],"version-history":[{"count":1,"href":"https:\/\/hdpnoticias.com.ar\/index.php?rest_route=\/wp\/v2\/posts\/10807\/revisions"}],"predecessor-version":[{"id":10809,"href":"https:\/\/hdpnoticias.com.ar\/index.php?rest_route=\/wp\/v2\/posts\/10807\/revisions\/10809"}],"wp:featuredmedia":[{"embeddable":true,"href":"https:\/\/hdpnoticias.com.ar\/index.php?rest_route=\/wp\/v2\/media\/10808"}],"wp:attachment":[{"href":"https:\/\/hdpnoticias.com.ar\/index.php?rest_route=%2Fwp%2Fv2%2Fmedia&parent=10807"}],"wp:term":[{"taxonomy":"category","embeddable":true,"href":"https:\/\/hdpnoticias.com.ar\/index.php?rest_route=%2Fwp%2Fv2%2Fcategories&post=10807"},{"taxonomy":"post_tag","embeddable":true,"href":"https:\/\/hdpnoticias.com.ar\/index.php?rest_route=%2Fwp%2Fv2%2Ftags&post=10807"}],"curies":[{"name":"wp","href":"https:\/\/api.w.org\/{rel}","templated":true}]}}