{"id":10760,"date":"2025-04-10T11:54:35","date_gmt":"2025-04-10T14:54:35","guid":{"rendered":"https:\/\/hdpnoticias.com.ar\/?p=10760"},"modified":"2025-04-10T11:54:38","modified_gmt":"2025-04-10T14:54:38","slug":"garcia-se-arrepintio-el-intendente-de-machagai-volvio-al-coquismo","status":"publish","type":"post","link":"https:\/\/hdpnoticias.com.ar\/?p=10760","title":{"rendered":"Garc\u00eda se arrepinti\u00f3: el intendente de Machagai volvi\u00f3 al coquismo"},"content":{"rendered":"\n<figure class=\"wp-block-image size-full\"><img loading=\"lazy\" decoding=\"async\" width=\"728\" height=\"90\" src=\"http:\/\/hdpnoticias.com.ar\/wp-content\/uploads\/2024\/05\/Nachec.gif\" alt=\"\" class=\"wp-image-6814\"\/><\/figure>\n\n\n\n<p>El intendente de Machagai: Juan Manuel Garc\u00eda, era uno de los referentes del grupo de intendentes y legisladores que pugnaba por una convocatoria a la autocr\u00edtica despu\u00e9s del Frente Chaque\u00f1o encabezado por el Partido Justicialista en las elecciones de 2023. Consideraba clave el an\u00e1lisis de las razones que llevaron al peronismo a perder los gobiernos nacional y provincial.<\/p>\n\n\n\n<p>Adem\u00e1s, exig\u00eda a las autoridades del PJ lideradas por el exgobernador Jorge Capitanich la convocatoria a elecciones internas partidarias y de cargos electivos en el marco de un proceso de renovaci\u00f3n.<\/p>\n\n\n\n<p>Ninguno de los planteos encontr\u00f3 eco en Capitanich, lo que impuls\u00f3 al sector a la conformaci\u00f3n del frente Primero Chaco, que present\u00f3 candidatos propios para las elecciones legislativas del 11 de mayo.<\/p>\n\n\n\n<p>La lista est\u00e1 encabezada por el diputado Atlanto Honcheruk, secundado por otra referente del grupo: la intendente de Barranqueras, Magda Ayala. Y en este marco propici\u00f3 encuentros en la sede del PJ de Machagai para promocionar la propuesta alternativa.<\/p>\n\n\n\n<p>Pero paralelamente, su jefe de Gabinete: Guillermo Gonz\u00e1lez, ocupa un lugar en la lista del frente Chaco Merece M\u00e1s que encabeza el mismo Capitanich.<\/p>\n\n\n\n<p>Este mi\u00e9rcoles, encabez\u00f3 un acto, tambi\u00e9n en la sede del PJ, para impulsar la candidatura de Capitanich. \u201cEste contexto nos obliga como pol\u00edticos a redoblar los esfuerzos y trabajar en unidad para defender los intereses de nuestra provincia y&nbsp; nuestra querida localidad de Machagai. El Justicialismo es una fuerza pol\u00edtica que defiende un s\u00f3lo inter\u00e9s y es el del Pueblo. Por esta raz\u00f3n acompa\u00f1amos al Frente Chaco Merece M\u00e1s con Jorge Milton Capitanich como candidato a primer Diputado provincial y con el compa\u00f1ero Willy Gonz\u00e1lez como integrante de esta lista\u201d, public\u00f3.<\/p>\n","protected":false},"excerpt":{"rendered":"<p>El intendente de Machagai: Juan Manuel Garc\u00eda, era uno de los referentes del grupo de intendentes y legisladores que pugnaba por una convocatoria a la autocr\u00edtica despu\u00e9s del Frente Chaque\u00f1o encabezado por el Partido Justicialista en las elecciones de 2023. Consideraba clave el an\u00e1lisis de las razones que llevaron al peronismo a perder los gobiernos [&hellip;]<\/p>\n","protected":false},"author":1,"featured_media":10761,"comment_status":"open","ping_status":"open","sticky":false,"template":"","format":"standard","meta":{"footnotes":""},"categories":[27],"tags":[4050,392,29,4686,1523,1881,248,4714],"class_list":["post-10760","post","type-post","status-publish","format-standard","has-post-thumbnail","hentry","category-politica","tag-autocritica","tag-ayala","tag-capitanich","tag-chaco-merece-mas","tag-honcheruk","tag-magda","tag-pj","tag-primero-chaco"],"_links":{"self":[{"href":"https:\/\/hdpnoticias.com.ar\/index.php?rest_route=\/wp\/v2\/posts\/10760","targetHints":{"allow":["GET"]}}],"collection":[{"href":"https:\/\/hdpnoticias.com.ar\/index.php?rest_route=\/wp\/v2\/posts"}],"about":[{"href":"https:\/\/hdpnoticias.com.ar\/index.php?rest_route=\/wp\/v2\/types\/post"}],"author":[{"embeddable":true,"href":"https:\/\/hdpnoticias.com.ar\/index.php?rest_route=\/wp\/v2\/users\/1"}],"replies":[{"embeddable":true,"href":"https:\/\/hdpnoticias.com.ar\/index.php?rest_route=%2Fwp%2Fv2%2Fcomments&post=10760"}],"version-history":[{"count":1,"href":"https:\/\/hdpnoticias.com.ar\/index.php?rest_route=\/wp\/v2\/posts\/10760\/revisions"}],"predecessor-version":[{"id":10762,"href":"https:\/\/hdpnoticias.com.ar\/index.php?rest_route=\/wp\/v2\/posts\/10760\/revisions\/10762"}],"wp:featuredmedia":[{"embeddable":true,"href":"https:\/\/hdpnoticias.com.ar\/index.php?rest_route=\/wp\/v2\/media\/10761"}],"wp:attachment":[{"href":"https:\/\/hdpnoticias.com.ar\/index.php?rest_route=%2Fwp%2Fv2%2Fmedia&parent=10760"}],"wp:term":[{"taxonomy":"category","embeddable":true,"href":"https:\/\/hdpnoticias.com.ar\/index.php?rest_route=%2Fwp%2Fv2%2Fcategories&post=10760"},{"taxonomy":"post_tag","embeddable":true,"href":"https:\/\/hdpnoticias.com.ar\/index.php?rest_route=%2Fwp%2Fv2%2Ftags&post=10760"}],"curies":[{"name":"wp","href":"https:\/\/api.w.org\/{rel}","templated":true}]}}