{"id":10750,"date":"2025-04-08T21:39:18","date_gmt":"2025-04-09T00:39:18","guid":{"rendered":"https:\/\/hdpnoticias.com.ar\/?p=10750"},"modified":"2025-05-05T07:37:58","modified_gmt":"2025-05-05T10:37:58","slug":"sci-capitanich-e-hijos-la-sociedad-piquetera","status":"publish","type":"post","link":"https:\/\/hdpnoticias.com.ar\/?p=10750","title":{"rendered":"Capitanich e Hijos SCI"},"content":{"rendered":"\n<figure class=\"wp-block-image size-full\"><img loading=\"lazy\" decoding=\"async\" width=\"728\" height=\"90\" src=\"http:\/\/hdpnoticias.com.ar\/wp-content\/uploads\/2024\/05\/Nachec.gif\" alt=\"\" class=\"wp-image-6814\"\/><\/figure>\n\n\n\n<p>Por Dar\u00edo Zarco |<\/p>\n\n\n\n<p>Aband\u00f3nico. El padre de la criatura no la visita ni le pasa alimentos.<\/p>\n\n\n\n<p>El exgobernador Jorge Capitanich intenta infructuosamente en desentenderse de los movimientos piqueteros y sus cabecillas que empoll\u00f3 y cobij\u00f3 al calorcito del ala de su poder durante los tantos a\u00f1os al frente del Gobierno provincial. Hace un par de d\u00edas su subconsciente lo mand\u00f3 al frente: \u201cPor supuesto que los piqueteros eran socios del Gobierno\u201d, se le escap\u00f3.<\/p>\n\n\n\n<p>Los cortes de calles brotaron antes de su llegada estrellato: fueron sembrados para minarle el campo al radical \u00c1ngel Rozas que en 2007 ya ten\u00eda puesto el traje de su tercera gobernaci\u00f3n para suceder a su partidario Roy Nikisch. Hab\u00eda germinadores en toda la provincia, desde el microcentro de Resistencia hasta El Impenetrable.<\/p>\n\n\n\n<p>Estaba todo armado para que Rozas asuma con una pira de neum\u00e1ticos humeando en la Casa de Gobierno, y hacerle la gesti\u00f3n imposible desde el primer d\u00eda. Pero Rozas perdi\u00f3 y la pira le chamusc\u00f3 los pelos a Capitanich.<\/p>\n\n\n\n<p>A partir de ah\u00ed el desaf\u00edo fue desactivar la bomba que hab\u00edan encendido. Los planes hab\u00edan cambiado radicalmente y la mano de obra calificada para esmerilar al enemigo, qued\u00f3, literalmente, en la calle. La salida fue una sociedad de capital e industria, donde uno pon\u00eda la caja y el otro la fuerza de trabajo para conseguir votos.<\/p>\n\n\n\n<p>Capitanich hab\u00eda ensayado el rol de l\u00edder opositor pero de un d\u00eda para el otro le toc\u00f3 el protag\u00f3nico: gobernador. Y en su debut prometi\u00f3 mercader\u00edas trepado a un banco de la plaza 25 de Mayo. Los dirigentes piqueteros, que ya hab\u00edan entrado en confianza, lo esperaban todos los d\u00edas en la puerta de su despacho. Le llov\u00edan \u201cpetitorios\u201d manuscritos que arrancaron en bolsines y no pararon m\u00e1s.<\/p>\n\n\n\n<p>\u201cPiquetero que entra al despacho de Coqui sale con una 4&#215;4\u201d, dec\u00eda su 2 veces vicegobernador Juan Carlos Bacileff Ivanoff. Y una de sus an\u00e9cdotas favoritas es la de un viaje al interior, cuando se toparon con un corte sobre la ruta nacional 16, en Quitilipi, y los piqueteros le reclamaron el mismo trato que sus colegas capitalinos, empezando por la 4&#215;4. Pragm\u00e1tico, Capitanich les prometi\u00f3 una para la semana siguiente, pero ellos la quer\u00edan \u201cya\u201d. Mascull\u00f3 una puteada y les dio la llave de su camioneta oficial. Gobernador y vice siguieron viaje a pie; caminaron un trecho hasta abordar un patrullero que les dio un avent\u00f3n.<\/p>\n\n\n\n<p>En vulgo se dice: estaba regalado. Si no lo convenc\u00edan por las buenas, lo hac\u00edan por las malas. Los movimientos fueron creciendo y cuando se volv\u00edan m\u00e1s o menos numerosos, se atomizaban y las protestas y demandas se multiplicaban.<\/p>\n\n\n\n<p>Los piqueteros se sent\u00edan tambi\u00e9n un poco gobernadores. \u00c9l se la vio venir y vall\u00f3 la Casa de Gobierno por sus 4 lados. Y como la mejor defensa es el ataque, sali\u00f3 a primerearlos con un abrazo de oso pero se comi\u00f3 una doble Nelson que, por momentos, parec\u00eda m\u00e1s un abuso sexual, si es que acaso no lo era.<\/p>\n\n\n\n<p>Definitivamente el cuerpo a cuerpo no era lo suyo, y aunque no reconoci\u00f3 la derrota, ni esa ni ninguna otra, termin\u00f3 torneando a estas organizaciones como una pata de su gobierno; m\u00e1s precisamente una pata de palo.<\/p>\n\n\n\n<p>Despu\u00e9s de renguear durante una d\u00e9cada y media, la pata se quebr\u00f3 rotundamente: el Caso Cecilia fue el punto de inflexi\u00f3n en su relaci\u00f3n con los piqueteros, una fractura expuesta imposible de entablillar, una amputaci\u00f3n traum\u00e1tica.<\/p>\n\n\n\n<p>Sin su pata preferida, el poder de Capitanich, tambale\u00f3 y cay\u00f3 de cabeza.<\/p>\n\n\n\n<p>El porqu\u00e9 es simple: Emerenciano no es un piquetero m\u00e1s, es la marca de las organizaciones sociales abrazadas por Capitanich. Tan es as\u00ed que pos\u00f3 de traje y corbata como padrino de la boda con Marcela Acu\u00f1a, junto al peque\u00f1o \u201cCascotito\u201d, como conoc\u00edamos a C\u00e9sar, el hijo de los novios.<\/p>\n\n\n\n<p>Ya consolidado el parentesco, Emerenciano Sena fund\u00f3 el partido Socialistas Unidos por el Chaco, que despu\u00e9s de su elecci\u00f3n de bautismo se incorpor\u00f3 al frente coquista del momento.<\/p>\n\n\n\n<p>El plan ten\u00eda ten\u00eda el ADN de Capitanich, que ya hab\u00eda engendrado un mont\u00f3n de partiditos fantasmas, a los que hasta ah\u00ed nunca les hab\u00eda dado el pinet para entrar a la tan tradicional como nunca bien ponderada rosca pol\u00edtica.<\/p>\n\n\n\n<p>El armado para las elecciones de 2023 fue alevoso: un dirigente piquetero con peso propio ser\u00eda candidato en la lista oficial, mientras el resto de los referentes de toda la provincia integrar\u00edan las listas locales del PSU en las primarias abiertas, simult\u00e1neas y obligatorias para sumar al Frente Chaque\u00f1o desde adentro.<\/p>\n\n\n\n<p>As\u00ed, <strong><a href=\"https:\/\/hdpnoticias.com.ar\/?p=2707\">Osmar Quint\u00edn G\u00f3mez, el cr\u00e9dito de Emerenciano, fue impreso en el quinto lugar de la lista posta<\/a><\/strong>, que ten\u00eda en el primero al entonces ministro de Planificaci\u00f3n, Econom\u00eda e Infraestructura: Santiago P\u00e9rez Pons, que repart\u00eda fondos, y en el segundo a la ministra de Desarrollo Social: Mar\u00eda P\u00eda Chiacchio Cavana, que repart\u00eda mercader\u00eda.<\/p>\n\n\n\n<p>Eran felices. Y estaban en plena campa\u00f1a cuando ocurri\u00f3 lo peor. La primera reacci\u00f3n de Capitanich fue esconderse y esperar que todo se enfr\u00ede, pero cada vez se calentaba m\u00e1s. Entonces dese\u00f3 que la investigaci\u00f3n se dilatara hasta despu\u00e9s de las elecciones pero todo se precipit\u00f3.<\/p>\n\n\n\n<p>Sin m\u00e1s alternativa que dar la cara, asom\u00f3, pero <strong><a href=\"https:\/\/hdpnoticias.com.ar\/?p=2743\">otra vez eligi\u00f3 la aventura equivocada: intent\u00f3 escurrirse relativizando su incumbencia<\/a><\/strong> mientras se constitu\u00eda como querellante y se atribu\u00eda la luz que hab\u00eda echado la investigaci\u00f3n fiscal del crimen.<\/p>\n\n\n\n<p>S\u00f3lo para no parecer contradictorio, <strong><a href=\"https:\/\/hdpnoticias.com.ar\/?p=2746\">expuls\u00f3 del Frente Chaque\u00f1o a Emerenciano y a Marcela, precandidatos a primer diputado provincial e intendente de Resistencia, respectivamente<\/a><\/strong>, imputados entonces como coautores; y tras cart\u00f3n a sus edecanes Gustavo Obreg\u00f3n y Fabiana Gonz\u00e1lez, precandidatos a diputado y concejal, acusados de encubrimiento.<\/p>\n\n\n\n<p>\u201cNo eran candidatos en la lista oficial. Sino todo lo contrario, me est\u00e1n haciendo la interna\u201d, garabate\u00f3 Capitanich en modo desencajado. Cre\u00eda que eso era todo, pero un rato despu\u00e9s tuvo que <strong><a href=\"https:\/\/hdpnoticias.com.ar\/?p=9529\">echar a Quint\u00edn, detenido por abusar sexualmente de una integrante de su movimiento, trabajadora de la Escuela de Gesti\u00f3n Social que \u00e9l mismo le hab\u00eda adjudicado<\/a><\/strong>.<\/p>\n\n\n\n<p>Debi\u00f3 cortar por lo sano y desacoplar del Frente Chaque\u00f1o al partido piquetero, pero crey\u00f3 que la familia Sena engayolada era una imperdible oportunidad para expropiarlo con todos los piqueteros adentro y no se la quer\u00eda perder.<\/p>\n\n\n\n<p>Y as\u00ed fue. Se hab\u00eda propuesto, si ganaba, depurar la sociedad y procurar una manera decente de recapitalizarla, pero perdi\u00f3.<\/p>\n\n\n\n<p>Perdido por perdido, derrotado, no le import\u00f3 sonar como un pelotudo y le atribuy\u00f3 los piqueteros y sus piquetes a <strong><a href=\"https:\/\/hdpnoticias.com.ar\/?p=10354\">una treta de la oposici\u00f3n para desestabilizar su gobierno y tomar el poder pr\u00e1cticamente por asalto<\/a><\/strong>. E insiste en el argumento sin gollete, esta vez intentando explicar por ese lado las RAM, los campos y las mansiones con piletas de gente que arranc\u00f3 su gobierno con un plan.<\/p>\n\n\n\n<p>\u00bfCu\u00e1nta guita se necesita para coparle la parada a un tipo que revienta durante 16 a\u00f1os, una tras otra, pi\u00f1atas de fondos p\u00fablicos y 4&#215;4? \u00bfC\u00f3mo se llenaron de candidatos piqueteros <strong><a href=\"https:\/\/hdpnoticias.com.ar\/?p=10727\">las listas de buena fe que \u00e9l mismo se jacta permanentemente de armar a dedo<\/a><\/strong>?<\/p>\n\n\n\n<p>\u00bfM?<\/p>\n","protected":false},"excerpt":{"rendered":"<p>Por Dar\u00edo Zarco | Aband\u00f3nico. El padre de la criatura no la visita ni le pasa alimentos. El exgobernador Jorge Capitanich intenta infructuosamente en desentenderse de los movimientos piqueteros y sus cabecillas que empoll\u00f3 y cobij\u00f3 al calorcito del ala de su poder durante los tantos a\u00f1os al frente del Gobierno provincial. Hace un par [&hellip;]<\/p>\n","protected":false},"author":1,"featured_media":2711,"comment_status":"open","ping_status":"open","sticky":false,"template":"","format":"standard","meta":{"footnotes":""},"categories":[2,27],"tags":[29,1813,37,1861,793,1052,235,265,794,798],"class_list":["post-10750","post","type-post","status-publish","format-standard","has-post-thumbnail","hentry","category-editorial","category-politica","tag-capitanich","tag-cecilia","tag-chaco","tag-chiacchio-cavana","tag-emerenciano","tag-frente-chaqueno","tag-perez-pons","tag-piqueteros","tag-quintin","tag-sena"],"_links":{"self":[{"href":"https:\/\/hdpnoticias.com.ar\/index.php?rest_route=\/wp\/v2\/posts\/10750","targetHints":{"allow":["GET"]}}],"collection":[{"href":"https:\/\/hdpnoticias.com.ar\/index.php?rest_route=\/wp\/v2\/posts"}],"about":[{"href":"https:\/\/hdpnoticias.com.ar\/index.php?rest_route=\/wp\/v2\/types\/post"}],"author":[{"embeddable":true,"href":"https:\/\/hdpnoticias.com.ar\/index.php?rest_route=\/wp\/v2\/users\/1"}],"replies":[{"embeddable":true,"href":"https:\/\/hdpnoticias.com.ar\/index.php?rest_route=%2Fwp%2Fv2%2Fcomments&post=10750"}],"version-history":[{"count":2,"href":"https:\/\/hdpnoticias.com.ar\/index.php?rest_route=\/wp\/v2\/posts\/10750\/revisions"}],"predecessor-version":[{"id":10759,"href":"https:\/\/hdpnoticias.com.ar\/index.php?rest_route=\/wp\/v2\/posts\/10750\/revisions\/10759"}],"wp:featuredmedia":[{"embeddable":true,"href":"https:\/\/hdpnoticias.com.ar\/index.php?rest_route=\/wp\/v2\/media\/2711"}],"wp:attachment":[{"href":"https:\/\/hdpnoticias.com.ar\/index.php?rest_route=%2Fwp%2Fv2%2Fmedia&parent=10750"}],"wp:term":[{"taxonomy":"category","embeddable":true,"href":"https:\/\/hdpnoticias.com.ar\/index.php?rest_route=%2Fwp%2Fv2%2Fcategories&post=10750"},{"taxonomy":"post_tag","embeddable":true,"href":"https:\/\/hdpnoticias.com.ar\/index.php?rest_route=%2Fwp%2Fv2%2Ftags&post=10750"}],"curies":[{"name":"wp","href":"https:\/\/api.w.org\/{rel}","templated":true}]}}