{"id":10711,"date":"2025-04-03T17:35:00","date_gmt":"2025-04-03T20:35:00","guid":{"rendered":"https:\/\/hdpnoticias.com.ar\/?p=10711"},"modified":"2025-04-04T05:40:16","modified_gmt":"2025-04-04T08:40:16","slug":"dura-derrota-de-milei-en-el-senado-rechazaron-los-pliegos-de-lijo-y-garcia-mansilla","status":"publish","type":"post","link":"https:\/\/hdpnoticias.com.ar\/?p=10711","title":{"rendered":"Dura derrota de Milei en el Senado: rechazaron los pliegos de Lijo y Garc\u00eda Mansilla"},"content":{"rendered":"\n<figure class=\"wp-block-image size-full\"><img loading=\"lazy\" decoding=\"async\" width=\"720\" height=\"90\" src=\"http:\/\/hdpnoticias.com.ar\/wp-content\/uploads\/2024\/05\/Obras-Publicas.gif\" alt=\"\" class=\"wp-image-6818\"\/><\/figure>\n\n\n\n<p>El Senado rechaz\u00f3 por amplia mayor\u00eda este jueves los pliegos de Ariel Lijo y Manuel Garc\u00eda Masilla, los nominados por el presidente Javier Milei para integrar la Corte Suprema de Justicia de la Naci\u00f3n.<\/p>\n\n\n\n<p>El Ejecutivo llevaba 9 mees intentando convencer a los senadores y a los gobernadores de las provincia que representan, con el objetivo de alcanzar los 2 tercios para los nombramientos. Mientras, el Presidente hab\u00eda designado a ambos en comisi\u00f3n mediante un DNU, lo que esperaba que agilizara la negociaci\u00f3n, pero el impacto fue adverso.<\/p>\n\n\n\n<p>Con Milei en Estados Unidos, Victoria Villarruel qued\u00f3 a cargo de la Presidencia de la Naci\u00f3n y la sesi\u00f3n en el Senado fue encabezada por el puntano Bartolom\u00e9 Abdala, de La Libertad Avanza, que planeaba dar de baja la sesi\u00f3n, pero esta iniciativa no prosper\u00f3. Despu\u00e9s el oficialismo centr\u00f3 sus expectativas en que la oposici\u00f3n no alcanzara el qu\u00f3rum, algo que tampoco se cumpli\u00f3.<\/p>\n\n\n\n<p>A la hora de la votaci\u00f3n, Lijo fue rechazado por 43 senadores, avalado por 27, y hubo una abstenci\u00f3n. Y Garc\u00eda Mansilla, que ya hab\u00eda asumido en la Corte a trav\u00e9s del DNU, obtuvo 51 votos en contra y s\u00f3lo 20 a favor.<\/p>\n\n\n\n<p>Rechazados los pliegos, el juez federal Alejo Ramos Padilla emiti\u00f3 una resoluci\u00f3n prohibiendo a Garc\u00eda Mansilla intervenir en asuntos de la Corte, y la incorporaci\u00f3n de Lijo.<\/p>\n","protected":false},"excerpt":{"rendered":"<p>El Senado rechaz\u00f3 por amplia mayor\u00eda este jueves los pliegos de Ariel Lijo y Manuel Garc\u00eda Masilla, los nominados por el presidente Javier Milei para integrar la Corte Suprema de Justicia de la Naci\u00f3n. El Ejecutivo llevaba 9 mees intentando convencer a los senadores y a los gobernadores de las provincia que representan, con el [&hellip;]<\/p>\n","protected":false},"author":1,"featured_media":10331,"comment_status":"open","ping_status":"open","sticky":false,"template":"","format":"standard","meta":{"footnotes":""},"categories":[27],"tags":[32,4645,588,4619,1319,72],"class_list":["post-10711","post","type-post","status-publish","format-standard","has-post-thumbnail","hentry","category-politica","tag-corte","tag-garcia-mansilla","tag-justicia","tag-lijo","tag-milei","tag-senado"],"_links":{"self":[{"href":"https:\/\/hdpnoticias.com.ar\/index.php?rest_route=\/wp\/v2\/posts\/10711","targetHints":{"allow":["GET"]}}],"collection":[{"href":"https:\/\/hdpnoticias.com.ar\/index.php?rest_route=\/wp\/v2\/posts"}],"about":[{"href":"https:\/\/hdpnoticias.com.ar\/index.php?rest_route=\/wp\/v2\/types\/post"}],"author":[{"embeddable":true,"href":"https:\/\/hdpnoticias.com.ar\/index.php?rest_route=\/wp\/v2\/users\/1"}],"replies":[{"embeddable":true,"href":"https:\/\/hdpnoticias.com.ar\/index.php?rest_route=%2Fwp%2Fv2%2Fcomments&post=10711"}],"version-history":[{"count":1,"href":"https:\/\/hdpnoticias.com.ar\/index.php?rest_route=\/wp\/v2\/posts\/10711\/revisions"}],"predecessor-version":[{"id":10712,"href":"https:\/\/hdpnoticias.com.ar\/index.php?rest_route=\/wp\/v2\/posts\/10711\/revisions\/10712"}],"wp:featuredmedia":[{"embeddable":true,"href":"https:\/\/hdpnoticias.com.ar\/index.php?rest_route=\/wp\/v2\/media\/10331"}],"wp:attachment":[{"href":"https:\/\/hdpnoticias.com.ar\/index.php?rest_route=%2Fwp%2Fv2%2Fmedia&parent=10711"}],"wp:term":[{"taxonomy":"category","embeddable":true,"href":"https:\/\/hdpnoticias.com.ar\/index.php?rest_route=%2Fwp%2Fv2%2Fcategories&post=10711"},{"taxonomy":"post_tag","embeddable":true,"href":"https:\/\/hdpnoticias.com.ar\/index.php?rest_route=%2Fwp%2Fv2%2Ftags&post=10711"}],"curies":[{"name":"wp","href":"https:\/\/api.w.org\/{rel}","templated":true}]}}