{"id":10709,"date":"2025-04-03T22:01:56","date_gmt":"2025-04-04T01:01:56","guid":{"rendered":"https:\/\/hdpnoticias.com.ar\/?p=10709"},"modified":"2025-04-03T22:01:58","modified_gmt":"2025-04-04T01:01:58","slug":"video-capitanich-nervioso-se-nego-a-responder-si-su-candidatura-es-testimonial","status":"publish","type":"post","link":"https:\/\/hdpnoticias.com.ar\/?p=10709","title":{"rendered":"VIDEO | Capitanich nervioso: se neg\u00f3 a responder si su candidatura es testimonial"},"content":{"rendered":"\n<figure class=\"wp-block-image size-full\"><img loading=\"lazy\" decoding=\"async\" width=\"728\" height=\"90\" src=\"http:\/\/hdpnoticias.com.ar\/wp-content\/uploads\/2024\/05\/Nachec.gif\" alt=\"\" class=\"wp-image-6814\"\/><\/figure>\n\n\n\n<p>Jorge Capitanich, 3 veces gobernador de la provincia, exsenador, exjefe de Gabinete de la Naci\u00f3n durante las presidencias de Eduardo Duhalde y Cristina Fern\u00e1ndez, exintendente de Resistencia, hoy preside el Partido Justicialista del Chaco y encabeza la lista de candidatos a diputados provinciales del frente Chaco Merece M\u00e1s para las elecciones del 11 de mayo.<\/p>\n\n\n\n<p>La versi\u00f3n de que la suya es una candidatura testimonial y que en octubre tambi\u00e9n ser\u00eda candidato a legislador nacional, es cada vez m\u00e1s fuerte. Mientras, \u00e9l no afirma ni niega los corrillos.<\/p>\n\n\n\n<p>Este jueves, durante una entrevista en radio Natagal\u00e1, increp\u00f3 al periodista Mauro Bistman que le pregunt\u00f3 al respecto. \u201c\u00bfVa a asumir como diputado?\u201d, quiso saber.<\/p>\n\n\n\n<p>La inquietud del entrevistador alter\u00f3 el \u00e1nimo de Capitanich: \u201c\u00bfPor qu\u00e9 me falt\u00e1s el respeto?\u201d, lo reprendi\u00f3, y evit\u00f3 responder, apelando a una serie de expresiones cr\u00edticas de la oposici\u00f3n. Y ante la insistencia del periodista, se mostr\u00f3 cada vez m\u00e1s enojado pero no evacu\u00f3 la duda.<\/p>\n\n\n\n<p>Despu\u00e9s de repasar su carrera pol\u00edtica, que calific\u00f3 como \u201cdesatacada\u201d, dijo: \u201cVengo con mucha humildad a encabezar la lista. Porque el pueblo interpreta que no hay un gobernador que tenga el coraje de defenderlo, bueno: lo voy a defender yo\u201d.<\/p>\n\n\n\n<p>\u201cNo necesito ning\u00fan cargo porque represento una idea y un proyecto\u201d, dijo, lo que Bistman interpret\u00f3 como \u201cno va a asumir, entonces\u201d, lo que Capitanich volvi\u00f3 a considerar \u201cuna falta de respeto\u201d.<\/p>\n\n\n\n<iframe loading=\"lazy\" src=\"https:\/\/www.facebook.com\/plugins\/video.php?height=314&#038;href=https%3A%2F%2Fwww.facebook.com%2Fhdpchaco%2Fvideos%2F1173132443883947%2F&#038;show_text=false&#038;width=560&#038;t=0\" width=\"560\" height=\"314\" style=\"border:none;overflow:hidden\" scrolling=\"no\" frameborder=\"0\" allowfullscreen=\"true\" allow=\"autoplay; clipboard-write; encrypted-media; picture-in-picture; web-share\" allowFullScreen=\"true\"><\/iframe>\n","protected":false},"excerpt":{"rendered":"<p>Jorge Capitanich, 3 veces gobernador de la provincia, exsenador, exjefe de Gabinete de la Naci\u00f3n durante las presidencias de Eduardo Duhalde y Cristina Fern\u00e1ndez, exintendente de Resistencia, hoy preside el Partido Justicialista del Chaco y encabeza la lista de candidatos a diputados provinciales del frente Chaco Merece M\u00e1s para las elecciones del 11 de mayo. [&hellip;]<\/p>\n","protected":false},"author":1,"featured_media":3771,"comment_status":"open","ping_status":"open","sticky":false,"template":"","format":"standard","meta":{"footnotes":""},"categories":[27],"tags":[29,4686,453,682,60,4754,4753,4752,4744,1399,4751],"class_list":["post-10709","post","type-post","status-publish","format-standard","has-post-thumbnail","hentry","category-politica","tag-capitanich","tag-chaco-merece-mas","tag-cristina","tag-diputado","tag-duhalde","tag-jefe-de-gabinete","tag-nervioso","tag-ofendido","tag-resstencia","tag-senador","tag-testimonial"],"_links":{"self":[{"href":"https:\/\/hdpnoticias.com.ar\/index.php?rest_route=\/wp\/v2\/posts\/10709","targetHints":{"allow":["GET"]}}],"collection":[{"href":"https:\/\/hdpnoticias.com.ar\/index.php?rest_route=\/wp\/v2\/posts"}],"about":[{"href":"https:\/\/hdpnoticias.com.ar\/index.php?rest_route=\/wp\/v2\/types\/post"}],"author":[{"embeddable":true,"href":"https:\/\/hdpnoticias.com.ar\/index.php?rest_route=\/wp\/v2\/users\/1"}],"replies":[{"embeddable":true,"href":"https:\/\/hdpnoticias.com.ar\/index.php?rest_route=%2Fwp%2Fv2%2Fcomments&post=10709"}],"version-history":[{"count":1,"href":"https:\/\/hdpnoticias.com.ar\/index.php?rest_route=\/wp\/v2\/posts\/10709\/revisions"}],"predecessor-version":[{"id":10710,"href":"https:\/\/hdpnoticias.com.ar\/index.php?rest_route=\/wp\/v2\/posts\/10709\/revisions\/10710"}],"wp:featuredmedia":[{"embeddable":true,"href":"https:\/\/hdpnoticias.com.ar\/index.php?rest_route=\/wp\/v2\/media\/3771"}],"wp:attachment":[{"href":"https:\/\/hdpnoticias.com.ar\/index.php?rest_route=%2Fwp%2Fv2%2Fmedia&parent=10709"}],"wp:term":[{"taxonomy":"category","embeddable":true,"href":"https:\/\/hdpnoticias.com.ar\/index.php?rest_route=%2Fwp%2Fv2%2Fcategories&post=10709"},{"taxonomy":"post_tag","embeddable":true,"href":"https:\/\/hdpnoticias.com.ar\/index.php?rest_route=%2Fwp%2Fv2%2Ftags&post=10709"}],"curies":[{"name":"wp","href":"https:\/\/api.w.org\/{rel}","templated":true}]}}