{"id":10698,"date":"2025-04-02T23:52:00","date_gmt":"2025-04-03T02:52:00","guid":{"rendered":"https:\/\/hdpnoticias.com.ar\/?p=10698"},"modified":"2025-04-03T06:07:35","modified_gmt":"2025-04-03T09:07:35","slug":"capitanich-mistico-dios-me-dio-el-don-de-darle-felicidad-a-la-gente","status":"publish","type":"post","link":"https:\/\/hdpnoticias.com.ar\/?p=10698","title":{"rendered":"Capitanich: Dios me dio el don de hacer feliz a la gente, de dar felicidad"},"content":{"rendered":"\n<figure class=\"wp-block-image size-full\"><img loading=\"lazy\" decoding=\"async\" width=\"720\" height=\"90\" src=\"http:\/\/hdpnoticias.com.ar\/wp-content\/uploads\/2024\/05\/Obras-Publicas.gif\" alt=\"\" class=\"wp-image-6818\"\/><\/figure>\n\n\n\n<p>\u201cAhora estoy en otro rol: estoy en el rol de ponerle l\u00edmite a Zdero y Milei\u201d, dijo el exgobernador Jorge Capitanich y primer candidato a diputado provincial por el frente Chaco Merece M\u00e1s en las elecciones del 11 de mayo, en una entrevista radial con \u201cTuto\u201d Alegre, en La Verde. Y agreg\u00f3: \u201cComo opositor, pod\u00e9s decir lo que se te cante\u201d.<\/p>\n\n\n\n<p>Tras regresar a la provincia un a\u00f1o despu\u00e9s de ser derrotado en primera vuelta por Leandro Zdero, dijo que en sus recorridas de campa\u00f1a puede ver que \u201cla gente est\u00e1 esperando un l\u00edder que se ponga los pantalones y defienda los intereses de los chaque\u00f1os\u201d.<\/p>\n\n\n\n<p>Desde su perspectiva, ese l\u00edder es \u00e9l: \u201cRecib\u00ed el don de Dios de darle felicidad a la gente, el don de dar\u201d.<\/p>\n\n\n\n<p>Pero para poner en pr\u00e1ctica ese don, pidi\u00f3: \u201cQue la gente nos vote que nosotros nos encargamos de resolver todos los problemas\u201d. Pero aclar\u00f3: \u201cTenemos que tener mayor\u00eda abrumadora, porque sin mayor\u00eda no se puede hacer nada porque el Gobierno bloquea todo y nunca le va a dar nada a nadie\u201d.<\/p>\n\n\n\n<p>\u201cSomos los \u00fanicos que estamos preparados para cambiar la correlaci\u00f3n de fuerzas en la c\u00e1mara de diputados, pero si no tenemos la mayor\u00eda vamos a tener un problema\u201d, analiz\u00f3.<\/p>\n","protected":false},"excerpt":{"rendered":"<p>\u201cAhora estoy en otro rol: estoy en el rol de ponerle l\u00edmite a Zdero y Milei\u201d, dijo el exgobernador Jorge Capitanich y primer candidato a diputado provincial por el frente Chaco Merece M\u00e1s en las elecciones del 11 de mayo, en una entrevista radial con \u201cTuto\u201d Alegre, en La Verde. Y agreg\u00f3: \u201cComo opositor, pod\u00e9s [&hellip;]<\/p>\n","protected":false},"author":1,"featured_media":3922,"comment_status":"open","ping_status":"open","sticky":false,"template":"","format":"standard","meta":{"footnotes":""},"categories":[27],"tags":[29,4686,682,4745,4746,1121,1014,921],"class_list":["post-10698","post","type-post","status-publish","format-standard","has-post-thumbnail","hentry","category-politica","tag-capitanich","tag-chaco-merece-mas","tag-diputado","tag-don","tag-felicidad","tag-lider","tag-oposicion","tag-zdero"],"_links":{"self":[{"href":"https:\/\/hdpnoticias.com.ar\/index.php?rest_route=\/wp\/v2\/posts\/10698","targetHints":{"allow":["GET"]}}],"collection":[{"href":"https:\/\/hdpnoticias.com.ar\/index.php?rest_route=\/wp\/v2\/posts"}],"about":[{"href":"https:\/\/hdpnoticias.com.ar\/index.php?rest_route=\/wp\/v2\/types\/post"}],"author":[{"embeddable":true,"href":"https:\/\/hdpnoticias.com.ar\/index.php?rest_route=\/wp\/v2\/users\/1"}],"replies":[{"embeddable":true,"href":"https:\/\/hdpnoticias.com.ar\/index.php?rest_route=%2Fwp%2Fv2%2Fcomments&post=10698"}],"version-history":[{"count":2,"href":"https:\/\/hdpnoticias.com.ar\/index.php?rest_route=\/wp\/v2\/posts\/10698\/revisions"}],"predecessor-version":[{"id":10700,"href":"https:\/\/hdpnoticias.com.ar\/index.php?rest_route=\/wp\/v2\/posts\/10698\/revisions\/10700"}],"wp:featuredmedia":[{"embeddable":true,"href":"https:\/\/hdpnoticias.com.ar\/index.php?rest_route=\/wp\/v2\/media\/3922"}],"wp:attachment":[{"href":"https:\/\/hdpnoticias.com.ar\/index.php?rest_route=%2Fwp%2Fv2%2Fmedia&parent=10698"}],"wp:term":[{"taxonomy":"category","embeddable":true,"href":"https:\/\/hdpnoticias.com.ar\/index.php?rest_route=%2Fwp%2Fv2%2Fcategories&post=10698"},{"taxonomy":"post_tag","embeddable":true,"href":"https:\/\/hdpnoticias.com.ar\/index.php?rest_route=%2Fwp%2Fv2%2Ftags&post=10698"}],"curies":[{"name":"wp","href":"https:\/\/api.w.org\/{rel}","templated":true}]}}