{"id":10677,"date":"2025-03-31T21:48:06","date_gmt":"2025-04-01T00:48:06","guid":{"rendered":"https:\/\/hdpnoticias.com.ar\/?p=10677"},"modified":"2025-03-31T21:48:10","modified_gmt":"2025-04-01T00:48:10","slug":"a-estrenar-con-el-traslado-de-15-condenados-habilitaron-ampliacion-del-complejo-penitenciario-2","status":"publish","type":"post","link":"https:\/\/hdpnoticias.com.ar\/?p=10677","title":{"rendered":"A estrenar: con el traslado de 15 condenados habilitaron ampliaci\u00f3n del Complejo Penitenciario 2"},"content":{"rendered":"\n<figure class=\"wp-block-image size-full\"><img loading=\"lazy\" decoding=\"async\" width=\"720\" height=\"90\" src=\"http:\/\/hdpnoticias.com.ar\/wp-content\/uploads\/2024\/05\/Obras-Publicas.gif\" alt=\"\" class=\"wp-image-6818\"\/><\/figure>\n\n\n\n<p>La ma\u00f1ana de este lunes la Polic\u00eda del Chaco y el Servicio Penitenciario Provincial desplegaron un operativo para el traslado de 15 condenados detenidos en comisar\u00edas de Presidencia Roque S\u00e1enz Pe\u00f1a, al Complejo Penitenciario 2.<\/p>\n\n\n\n<p>Esto se dio en el marco del plan para reducir el hacinamiento de detenidos en las comisar\u00edas, y fue posible gracias a la ampliaci\u00f3n de la capacidad de uno de los pabellones del Complejo, obra iniciada en septiembre de 2024.<\/p>\n\n\n\n<p>Pr\u00f3ximamente habr\u00e1 nuevos traslados a ese lugar, no s\u00f3lo de presos de las comisar\u00edas locales, sino de otras unidades de la provincia.<\/p>\n\n\n\n<p>Mientras, avanzan los trabajos para la recuperaci\u00f3n de un pabell\u00f3n que hab\u00eda sido clausurado tras un incendio durante un mot\u00edn hace ya varios a\u00f1os.<\/p>\n","protected":false},"excerpt":{"rendered":"<p>La ma\u00f1ana de este lunes la Polic\u00eda del Chaco y el Servicio Penitenciario Provincial desplegaron un operativo para el traslado de 15 condenados detenidos en comisar\u00edas de Presidencia Roque S\u00e1enz Pe\u00f1a, al Complejo Penitenciario 2. Esto se dio en el marco del plan para reducir el hacinamiento de detenidos en las comisar\u00edas, y fue posible [&hellip;]<\/p>\n","protected":false},"author":1,"featured_media":10678,"comment_status":"open","ping_status":"open","sticky":false,"template":"","format":"standard","meta":{"footnotes":""},"categories":[26],"tags":[4549,4742,285,284,95,921],"class_list":["post-10677","post","type-post","status-publish","format-standard","has-post-thumbnail","hentry","category-policiales","tag-complejo-penitenciario","tag-condenados","tag-detenidos","tag-presos","tag-saenz-pena","tag-zdero"],"_links":{"self":[{"href":"https:\/\/hdpnoticias.com.ar\/index.php?rest_route=\/wp\/v2\/posts\/10677","targetHints":{"allow":["GET"]}}],"collection":[{"href":"https:\/\/hdpnoticias.com.ar\/index.php?rest_route=\/wp\/v2\/posts"}],"about":[{"href":"https:\/\/hdpnoticias.com.ar\/index.php?rest_route=\/wp\/v2\/types\/post"}],"author":[{"embeddable":true,"href":"https:\/\/hdpnoticias.com.ar\/index.php?rest_route=\/wp\/v2\/users\/1"}],"replies":[{"embeddable":true,"href":"https:\/\/hdpnoticias.com.ar\/index.php?rest_route=%2Fwp%2Fv2%2Fcomments&post=10677"}],"version-history":[{"count":1,"href":"https:\/\/hdpnoticias.com.ar\/index.php?rest_route=\/wp\/v2\/posts\/10677\/revisions"}],"predecessor-version":[{"id":10679,"href":"https:\/\/hdpnoticias.com.ar\/index.php?rest_route=\/wp\/v2\/posts\/10677\/revisions\/10679"}],"wp:featuredmedia":[{"embeddable":true,"href":"https:\/\/hdpnoticias.com.ar\/index.php?rest_route=\/wp\/v2\/media\/10678"}],"wp:attachment":[{"href":"https:\/\/hdpnoticias.com.ar\/index.php?rest_route=%2Fwp%2Fv2%2Fmedia&parent=10677"}],"wp:term":[{"taxonomy":"category","embeddable":true,"href":"https:\/\/hdpnoticias.com.ar\/index.php?rest_route=%2Fwp%2Fv2%2Fcategories&post=10677"},{"taxonomy":"post_tag","embeddable":true,"href":"https:\/\/hdpnoticias.com.ar\/index.php?rest_route=%2Fwp%2Fv2%2Ftags&post=10677"}],"curies":[{"name":"wp","href":"https:\/\/api.w.org\/{rel}","templated":true}]}}