{"id":10669,"date":"2025-03-30T20:26:22","date_gmt":"2025-03-30T23:26:22","guid":{"rendered":"https:\/\/hdpnoticias.com.ar\/?p=10669"},"modified":"2025-03-30T20:26:24","modified_gmt":"2025-03-30T23:26:24","slug":"bergia-contra-la-candidatura-testimonial-de-capitanich-es-una-tomada-de-pelo","status":"publish","type":"post","link":"https:\/\/hdpnoticias.com.ar\/?p=10669","title":{"rendered":"Bergia contra la candidatura testimonial de Capitanich: Es una tomada de pelo"},"content":{"rendered":"\n<figure class=\"wp-block-image size-full\"><img loading=\"lazy\" decoding=\"async\" width=\"720\" height=\"90\" src=\"http:\/\/hdpnoticias.com.ar\/wp-content\/uploads\/2024\/05\/Obras-Publicas.gif\" alt=\"\" class=\"wp-image-6818\"\/><\/figure>\n\n\n\n<p>El diputado Juan Jos\u00e9 Bergia fue electo en 2011, 2015, 2017 y 2021 por el Frente Chaco Merece M\u00e1s y el Frente Chaque\u00f1o encabezados por el PJ, liderados por el exgobernador Jorge Capitanich, a los que adhiri\u00f3 con su Nuevo Espacio de Participaci\u00f3n (Nepar).<\/p>\n\n\n\n<p>Pero en esta oportunidad, en las legislativas del 11 de mayo, buscar\u00e1 otra reelecci\u00f3n con un frente propio Nuevo Espacio Chaque\u00f1o Independiente (Nuechi), que encabeza secundado por Cecilia Carauni.<\/p>\n\n\n\n<p>Al explicar la decisi\u00f3n, dijo no estar de acuerdo con la agenda de \u201cuno de los aliados\u201d, adem\u00e1s de no ver un proyecto pol\u00edtico claro. \u201cNo nos gustaron algunas cosas y nuestra postura no fue tenida en cuenta\u201d, dijo.<\/p>\n\n\n\n<p>Pero el motivo m\u00e1s importante de su alejamiento fue la decisi\u00f3n de Capitanich encabezar la lista. \u201cNo nos gustan las candidaturas testimoniales\u201d, dijo, y consider\u00f3 que la postulaci\u00f3n del exgobernador \u201ces una tomada de pelo\u201d.<\/p>\n\n\n\n<p>\u201cTodo el pueblo chaque\u00f1o sabe que Jorge Capitanich no va a ser diputado provincial\u201d, dijo, dando por sentado que \u00e9ste no asumir\u00e1 la banca el pr\u00f3ximo 10 de dicembre.<\/p>\n\n\n\n<p>No obstante el desenlace, Bergia ya se hab\u00eda mostrado distante del grueso del bloque Frente Chaque\u00f1o, principalmente del sector m\u00e1s ligado a Capitanich. Y la \u00faltima semana tach\u00f3 a \u201cestos chicos\u201d de improvisados e irresponsables por \u201cjugar a la pol\u00edtica\u201d presentando proyectos insostenibles por su falta de financiamiento.<\/p>\n\n\n\n<p>Desde el coquismo lo catalogaron de \u201csocio de Zdero\u201d, por coincidir con el oficialismo en respaldar varios proyectos del Ejecutivo.<\/p>\n","protected":false},"excerpt":{"rendered":"<p>El diputado Juan Jos\u00e9 Bergia fue electo en 2011, 2015, 2017 y 2021 por el Frente Chaco Merece M\u00e1s y el Frente Chaque\u00f1o encabezados por el PJ, liderados por el exgobernador Jorge Capitanich, a los que adhiri\u00f3 con su Nuevo Espacio de Participaci\u00f3n (Nepar). Pero en esta oportunidad, en las legislativas del 11 de mayo, [&hellip;]<\/p>\n","protected":false},"author":1,"featured_media":10670,"comment_status":"open","ping_status":"open","sticky":false,"template":"","format":"standard","meta":{"footnotes":""},"categories":[27],"tags":[44,29,246,1052,45,4741,921],"class_list":["post-10669","post","type-post","status-publish","format-standard","has-post-thumbnail","hentry","category-politica","tag-bergia","tag-capitanich","tag-elecciones","tag-frente-chaqueno","tag-legislatura","tag-nuevo-espadio","tag-zdero"],"_links":{"self":[{"href":"https:\/\/hdpnoticias.com.ar\/index.php?rest_route=\/wp\/v2\/posts\/10669","targetHints":{"allow":["GET"]}}],"collection":[{"href":"https:\/\/hdpnoticias.com.ar\/index.php?rest_route=\/wp\/v2\/posts"}],"about":[{"href":"https:\/\/hdpnoticias.com.ar\/index.php?rest_route=\/wp\/v2\/types\/post"}],"author":[{"embeddable":true,"href":"https:\/\/hdpnoticias.com.ar\/index.php?rest_route=\/wp\/v2\/users\/1"}],"replies":[{"embeddable":true,"href":"https:\/\/hdpnoticias.com.ar\/index.php?rest_route=%2Fwp%2Fv2%2Fcomments&post=10669"}],"version-history":[{"count":1,"href":"https:\/\/hdpnoticias.com.ar\/index.php?rest_route=\/wp\/v2\/posts\/10669\/revisions"}],"predecessor-version":[{"id":10671,"href":"https:\/\/hdpnoticias.com.ar\/index.php?rest_route=\/wp\/v2\/posts\/10669\/revisions\/10671"}],"wp:featuredmedia":[{"embeddable":true,"href":"https:\/\/hdpnoticias.com.ar\/index.php?rest_route=\/wp\/v2\/media\/10670"}],"wp:attachment":[{"href":"https:\/\/hdpnoticias.com.ar\/index.php?rest_route=%2Fwp%2Fv2%2Fmedia&parent=10669"}],"wp:term":[{"taxonomy":"category","embeddable":true,"href":"https:\/\/hdpnoticias.com.ar\/index.php?rest_route=%2Fwp%2Fv2%2Fcategories&post=10669"},{"taxonomy":"post_tag","embeddable":true,"href":"https:\/\/hdpnoticias.com.ar\/index.php?rest_route=%2Fwp%2Fv2%2Ftags&post=10669"}],"curies":[{"name":"wp","href":"https:\/\/api.w.org\/{rel}","templated":true}]}}