{"id":10634,"date":"2025-03-27T22:36:55","date_gmt":"2025-03-28T01:36:55","guid":{"rendered":"https:\/\/hdpnoticias.com.ar\/?p=10634"},"modified":"2025-04-07T08:58:04","modified_gmt":"2025-04-07T11:58:04","slug":"emerenciano-despidio-a-sampayo-lo-comparo-con-gandi-luther-king-y-kunta-kinte","status":"publish","type":"post","link":"https:\/\/hdpnoticias.com.ar\/?p=10634","title":{"rendered":"Emerenciano despidi\u00f3 a Sampayo: lo compar\u00f3 con Gandhi, Luther King y Kunta Kinte"},"content":{"rendered":"\n<figure class=\"wp-block-image size-full\"><img loading=\"lazy\" decoding=\"async\" width=\"720\" height=\"90\" src=\"http:\/\/hdpnoticias.com.ar\/wp-content\/uploads\/2024\/05\/Obras-Publicas.gif\" alt=\"\" class=\"wp-image-6818\"\/><\/figure>\n\n\n\n<p>El dirigente piquetero Emerenciano Sena despidi\u00f3 al l\u00edder sindical Jacinto Amaro Sampayo, secretario general del Sindicato de Trabajadores Municipales de Resistencia, <strong><a href=\"https:\/\/hdpnoticias.com.ar\/?p=10630\">fallecido este jueves 27 de marzo a los 78 a\u00f1os<\/a><\/strong>.<\/p>\n\n\n\n<p>Lo hizo a trav\u00e9s de una misiva desde el Complejo Penitenciario 1, donde est\u00e1 detenido acusado junto a su esposa Marcela Acu\u00f1a, de participaci\u00f3n primaria en el femicidio de su nuera Cecilia Strzyzowski que tiene como principal imputado al hijo de ambos: C\u00e9sar Sena.<\/p>\n\n\n\n<p>A modo de elogio, compar\u00f3 al \u201cNegro\u201d Sampayo con Martin Luther King, activista por los derechos civiles en Estados Unidos, el pol\u00edtico pacifista indio Mahatma Gandhi, y hasta el personaje ficticio Kunta Kinte.<\/p>\n\n\n\n<p>\u201cAs\u00ed como Kunta Kinte, Martin Luther King, Mahatma Gandhi, Sampayo Jacinto, seguir\u00e1n muriendo en la lucha de los negros. Es importante destacar que la lucha de igualdad y justicia no solo se limita a personas negras. Hoy la opresi\u00f3n afecta a cualquier grupo. Honramos a aquellos que han luchado por la justicia y la igualdad.\u201d, escribi\u00f3 desde la Alcaid\u00eda.<\/p>\n\n\n\n<p>Emerenciano Sena, con su Movimiento Socialista Emerenciano, su Partido Socialistas Unidos por el Chaco, y la agrupaci\u00f3n Mujeres al Frente, liderada por Acu\u00f1a, encabez\u00f3 el reclamo por la libertad de Sampayo, al que consideraban \u201cpreso pol\u00edtico\u201d, cuando fue detenido en 2018 en la causa Lavado 2, en la que termin\u00f3 condenado a 3 a\u00f1os y 6 meses de prisi\u00f3n.<\/p>\n\n\n\n<p>A principio de 2019, tras la liberaci\u00f3n del sindicalista, anunciaron un \u201cmatrimonio pol\u00edtico\u201d: el Frente Popular Integrador, conformado por el Partido Socialista Unidos por el Chaco y el Movimiento de Trabajadores Municipales, con Sena como primer candidato a diputado provincial y Sampayo como candidato a intendente de Resistencia, pero no llegaron a formalizar.<\/p>\n\n\n\n<figure class=\"wp-block-image size-full\"><img loading=\"lazy\" decoding=\"async\" width=\"597\" height=\"633\" src=\"http:\/\/hdpnoticias.com.ar\/wp-content\/uploads\/2025\/03\/Carta-de-Emerenciano-1.jpg\" alt=\"\" class=\"wp-image-10636\" srcset=\"https:\/\/hdpnoticias.com.ar\/wp-content\/uploads\/2025\/03\/Carta-de-Emerenciano-1.jpg 597w, https:\/\/hdpnoticias.com.ar\/wp-content\/uploads\/2025\/03\/Carta-de-Emerenciano-1-283x300.jpg 283w, https:\/\/hdpnoticias.com.ar\/wp-content\/uploads\/2025\/03\/Carta-de-Emerenciano-1-396x420.jpg 396w\" sizes=\"auto, (max-width: 597px) 100vw, 597px\" \/><figcaption class=\"wp-element-caption\">Con una carta datada en la Alcaid\u00eda de Resistencia, Emerenciano Sena despidi\u00f3 al Negro Sampayo.<\/figcaption><\/figure>\n","protected":false},"excerpt":{"rendered":"<p>El dirigente piquetero Emerenciano Sena despidi\u00f3 al l\u00edder sindical Jacinto Amaro Sampayo, secretario general del Sindicato de Trabajadores Municipales de Resistencia, fallecido este jueves 27 de marzo a los 78 a\u00f1os. Lo hizo a trav\u00e9s de una misiva desde el Complejo Penitenciario 1, donde est\u00e1 detenido acusado junto a su esposa Marcela Acu\u00f1a, de participaci\u00f3n [&hellip;]<\/p>\n","protected":false},"author":1,"featured_media":10635,"comment_status":"open","ping_status":"open","sticky":false,"template":"","format":"standard","meta":{"footnotes":""},"categories":[27],"tags":[1813,1812,793,4736,2458,1862],"class_list":["post-10634","post","type-post","status-publish","format-standard","has-post-thumbnail","hentry","category-politica","tag-cecilia","tag-cesar","tag-emerenciano","tag-municipales","tag-negro","tag-piquetero"],"_links":{"self":[{"href":"https:\/\/hdpnoticias.com.ar\/index.php?rest_route=\/wp\/v2\/posts\/10634","targetHints":{"allow":["GET"]}}],"collection":[{"href":"https:\/\/hdpnoticias.com.ar\/index.php?rest_route=\/wp\/v2\/posts"}],"about":[{"href":"https:\/\/hdpnoticias.com.ar\/index.php?rest_route=\/wp\/v2\/types\/post"}],"author":[{"embeddable":true,"href":"https:\/\/hdpnoticias.com.ar\/index.php?rest_route=\/wp\/v2\/users\/1"}],"replies":[{"embeddable":true,"href":"https:\/\/hdpnoticias.com.ar\/index.php?rest_route=%2Fwp%2Fv2%2Fcomments&post=10634"}],"version-history":[{"count":3,"href":"https:\/\/hdpnoticias.com.ar\/index.php?rest_route=\/wp\/v2\/posts\/10634\/revisions"}],"predecessor-version":[{"id":10639,"href":"https:\/\/hdpnoticias.com.ar\/index.php?rest_route=\/wp\/v2\/posts\/10634\/revisions\/10639"}],"wp:featuredmedia":[{"embeddable":true,"href":"https:\/\/hdpnoticias.com.ar\/index.php?rest_route=\/wp\/v2\/media\/10635"}],"wp:attachment":[{"href":"https:\/\/hdpnoticias.com.ar\/index.php?rest_route=%2Fwp%2Fv2%2Fmedia&parent=10634"}],"wp:term":[{"taxonomy":"category","embeddable":true,"href":"https:\/\/hdpnoticias.com.ar\/index.php?rest_route=%2Fwp%2Fv2%2Fcategories&post=10634"},{"taxonomy":"post_tag","embeddable":true,"href":"https:\/\/hdpnoticias.com.ar\/index.php?rest_route=%2Fwp%2Fv2%2Ftags&post=10634"}],"curies":[{"name":"wp","href":"https:\/\/api.w.org\/{rel}","templated":true}]}}