{"id":10630,"date":"2025-03-27T09:19:00","date_gmt":"2025-03-27T12:19:00","guid":{"rendered":"https:\/\/hdpnoticias.com.ar\/?p=10630"},"modified":"2025-04-07T08:54:46","modified_gmt":"2025-04-07T11:54:46","slug":"murio-el-negro-municipales-despidieron-a-jacinto-sampayo","status":"publish","type":"post","link":"https:\/\/hdpnoticias.com.ar\/?p=10630","title":{"rendered":"Muri\u00f3 el Negro: Municipales despidieron a Jacinto Sampayo"},"content":{"rendered":"\n<figure class=\"wp-block-image size-full\"><img loading=\"lazy\" decoding=\"async\" width=\"720\" height=\"90\" src=\"http:\/\/hdpnoticias.com.ar\/wp-content\/uploads\/2024\/05\/Copy-of-720x90-1.gif\" alt=\"\" class=\"wp-image-6806\"\/><\/figure>\n\n\n\n<p>El amanecer de este jueves 27 de marzo muri\u00f3 Jacinto Amaro Sampayo, l\u00edder del Sindicato de Trabajadores Municipales de Resistencia. Ten\u00eda 78 a\u00f1os. Hace algo m\u00e1s de 2 semanas hab\u00eda sido internado nuevamente por un deterioro generalizado de su salud.<\/p>\n\n\n\n<p>En el \u00e1mbito partidario, Sampayo milit\u00f3 en el Justicialismo, por el que lleg\u00f3 a ser diputado provincial, banca que intent\u00f3 infructuosamente ocupar en varias oportunidades.<\/p>\n\n\n\n<p>En una de las \u00faltimas, en 2019, aliado con el dirigente piquetero Emerenciano Sena y su Partido Socialistas Unidos por el Chaco y el Movimiento de Trabajadores Municipales, con el que conformaron el Frente Popular Integrador, que finalmente no compiti\u00f3.<\/p>\n\n\n\n<p>En julio de 2024 el Tribunal Oral Federal lo conden\u00f3 a 3 a\u00f1os y 6 meses de prisi\u00f3n por lavado de dinero en el marco de la denominada Causa Pimp o Lavado 2, en la que fue detenido en 2018 hasta principios de 2019, acusado de integrar una organizaci\u00f3n perge\u00f1ada durante la intendencia de A\u00edda Ayala para desviar fondos p\u00fablicos a trav\u00e9s de la contrataci\u00f3n de obras y servicios p\u00fablicos.<\/p>\n\n\n\n<p>Tras sostenerse en su cargo al frente del Sindicato a trav\u00e9s de los mandatos de intendentes de todos los partidos, en los \u00faltimos a\u00f1os mostr\u00f3 un perfil m\u00e1s moderado, corri\u00e9ndose de los primeros planos.<\/p>\n\n\n\n<p>Los dirigentes que lo secundaron, destacaron su persistente lucha por los derechos de los trabajadores municipales y prometieron sostener su \u201clegado\u201d.<\/p>\n","protected":false},"excerpt":{"rendered":"<p>El amanecer de este jueves 27 de marzo muri\u00f3 Jacinto Amaro Sampayo, l\u00edder del Sindicato de Trabajadores Municipales de Resistencia. Ten\u00eda 78 a\u00f1os. Hace algo m\u00e1s de 2 semanas hab\u00eda sido internado nuevamente por un deterioro generalizado de su salud. En el \u00e1mbito partidario, Sampayo milit\u00f3 en el Justicialismo, por el que lleg\u00f3 a ser [&hellip;]<\/p>\n","protected":false},"author":1,"featured_media":10631,"comment_status":"open","ping_status":"open","sticky":false,"template":"","format":"standard","meta":{"footnotes":""},"categories":[6],"tags":[1467,793,1801,4736,3713,49,2211,798],"class_list":["post-10630","post","type-post","status-publish","format-standard","has-post-thumbnail","hentry","category-info-general","tag-aida","tag-emerenciano","tag-lavado","tag-municipales","tag-pimp","tag-resistencia","tag-sampayo","tag-sena"],"_links":{"self":[{"href":"https:\/\/hdpnoticias.com.ar\/index.php?rest_route=\/wp\/v2\/posts\/10630","targetHints":{"allow":["GET"]}}],"collection":[{"href":"https:\/\/hdpnoticias.com.ar\/index.php?rest_route=\/wp\/v2\/posts"}],"about":[{"href":"https:\/\/hdpnoticias.com.ar\/index.php?rest_route=\/wp\/v2\/types\/post"}],"author":[{"embeddable":true,"href":"https:\/\/hdpnoticias.com.ar\/index.php?rest_route=\/wp\/v2\/users\/1"}],"replies":[{"embeddable":true,"href":"https:\/\/hdpnoticias.com.ar\/index.php?rest_route=%2Fwp%2Fv2%2Fcomments&post=10630"}],"version-history":[{"count":2,"href":"https:\/\/hdpnoticias.com.ar\/index.php?rest_route=\/wp\/v2\/posts\/10630\/revisions"}],"predecessor-version":[{"id":10633,"href":"https:\/\/hdpnoticias.com.ar\/index.php?rest_route=\/wp\/v2\/posts\/10630\/revisions\/10633"}],"wp:featuredmedia":[{"embeddable":true,"href":"https:\/\/hdpnoticias.com.ar\/index.php?rest_route=\/wp\/v2\/media\/10631"}],"wp:attachment":[{"href":"https:\/\/hdpnoticias.com.ar\/index.php?rest_route=%2Fwp%2Fv2%2Fmedia&parent=10630"}],"wp:term":[{"taxonomy":"category","embeddable":true,"href":"https:\/\/hdpnoticias.com.ar\/index.php?rest_route=%2Fwp%2Fv2%2Fcategories&post=10630"},{"taxonomy":"post_tag","embeddable":true,"href":"https:\/\/hdpnoticias.com.ar\/index.php?rest_route=%2Fwp%2Fv2%2Ftags&post=10630"}],"curies":[{"name":"wp","href":"https:\/\/api.w.org\/{rel}","templated":true}]}}