{"id":10620,"date":"2025-03-26T22:00:44","date_gmt":"2025-03-27T01:00:44","guid":{"rendered":"https:\/\/hdpnoticias.com.ar\/?p=10620"},"modified":"2025-03-26T22:00:46","modified_gmt":"2025-03-27T01:00:46","slug":"encontraron-muerta-a-una-recien-nacida-en-el-basural-municipal-de-corzuela","status":"publish","type":"post","link":"https:\/\/hdpnoticias.com.ar\/?p=10620","title":{"rendered":"Encontraron muerta a una reci\u00e9n nacida en el basural municipal de Corzuela"},"content":{"rendered":"\n<figure class=\"wp-block-image size-full\"><img loading=\"lazy\" decoding=\"async\" width=\"720\" height=\"90\" src=\"http:\/\/hdpnoticias.com.ar\/wp-content\/uploads\/2024\/05\/Copy-of-720x90-1.gif\" alt=\"\" class=\"wp-image-6806\"\/><\/figure>\n\n\n\n<p>La siesta de este mi\u00e9rcoles una mujer que recolectaba material reciclable en el vertedero de residuos de Corzuela, cuando dentro de una bolsa encontr\u00f3 el cad\u00e1ver de una beb\u00e9 reci\u00e9n nacida.<\/p>\n\n\n\n<p>El responsable del lugar dio aviso a sus superiores que, a su vez, pusieron en conocimiento al intendente Rafael Carrara y \u00e9ste llam\u00f3 r\u00e1pidamente a la Polic\u00eda.<\/p>\n\n\n\n<p>El encargado dijo que antes del mediod\u00eda hab\u00edan descargado residuos en ese lugar 2 camiones provenientes de Charata.<\/p>\n\n\n\n<p>La fiscal en turno: Mar\u00eda Rafart Ant\u00f3n, encabez\u00f3 el equipo de peritos y otros funcionarios judiciales que inspeccionaron el lugar, e instruy\u00f3 las primeras pericias.<\/p>\n\n\n\n<p>El cuerpo de la beb\u00e9 fue trasladado a Charata para la pr\u00e1ctica de la autopsia que permita determinar la causa y la data de la muerte, en el inicio de la investigaci\u00f3n en procura de identificarla y hallar a sus progenitores.<\/p>\n\n\n\n<p>Paralelamente, tomaron declaraci\u00f3n a los testigos.<\/p>\n","protected":false},"excerpt":{"rendered":"<p>La siesta de este mi\u00e9rcoles una mujer que recolectaba material reciclable en el vertedero de residuos de Corzuela, cuando dentro de una bolsa encontr\u00f3 el cad\u00e1ver de una beb\u00e9 reci\u00e9n nacida. El responsable del lugar dio aviso a sus superiores que, a su vez, pusieron en conocimiento al intendente Rafael Carrara y \u00e9ste llam\u00f3 r\u00e1pidamente [&hellip;]<\/p>\n","protected":false},"author":1,"featured_media":10621,"comment_status":"open","ping_status":"open","sticky":false,"template":"","format":"standard","meta":{"footnotes":""},"categories":[26],"tags":[1863,308,1517,91,344,4416,3510],"class_list":["post-10620","post","type-post","status-publish","format-standard","has-post-thumbnail","hentry","category-policiales","tag-basural","tag-bebe","tag-carrara","tag-charata","tag-corzuela","tag-recien-nacida","tag-vertedero"],"_links":{"self":[{"href":"https:\/\/hdpnoticias.com.ar\/index.php?rest_route=\/wp\/v2\/posts\/10620","targetHints":{"allow":["GET"]}}],"collection":[{"href":"https:\/\/hdpnoticias.com.ar\/index.php?rest_route=\/wp\/v2\/posts"}],"about":[{"href":"https:\/\/hdpnoticias.com.ar\/index.php?rest_route=\/wp\/v2\/types\/post"}],"author":[{"embeddable":true,"href":"https:\/\/hdpnoticias.com.ar\/index.php?rest_route=\/wp\/v2\/users\/1"}],"replies":[{"embeddable":true,"href":"https:\/\/hdpnoticias.com.ar\/index.php?rest_route=%2Fwp%2Fv2%2Fcomments&post=10620"}],"version-history":[{"count":1,"href":"https:\/\/hdpnoticias.com.ar\/index.php?rest_route=\/wp\/v2\/posts\/10620\/revisions"}],"predecessor-version":[{"id":10622,"href":"https:\/\/hdpnoticias.com.ar\/index.php?rest_route=\/wp\/v2\/posts\/10620\/revisions\/10622"}],"wp:featuredmedia":[{"embeddable":true,"href":"https:\/\/hdpnoticias.com.ar\/index.php?rest_route=\/wp\/v2\/media\/10621"}],"wp:attachment":[{"href":"https:\/\/hdpnoticias.com.ar\/index.php?rest_route=%2Fwp%2Fv2%2Fmedia&parent=10620"}],"wp:term":[{"taxonomy":"category","embeddable":true,"href":"https:\/\/hdpnoticias.com.ar\/index.php?rest_route=%2Fwp%2Fv2%2Fcategories&post=10620"},{"taxonomy":"post_tag","embeddable":true,"href":"https:\/\/hdpnoticias.com.ar\/index.php?rest_route=%2Fwp%2Fv2%2Ftags&post=10620"}],"curies":[{"name":"wp","href":"https:\/\/api.w.org\/{rel}","templated":true}]}}