{"id":10609,"date":"2025-03-25T20:21:50","date_gmt":"2025-03-25T23:21:50","guid":{"rendered":"https:\/\/hdpnoticias.com.ar\/?p=10609"},"modified":"2025-03-25T20:21:51","modified_gmt":"2025-03-25T23:21:51","slug":"video-capitanich-no-tuve-causas-por-corrupcion-hasta-que-me-agarraron-con-futbol-para-todos","status":"publish","type":"post","link":"https:\/\/hdpnoticias.com.ar\/?p=10609","title":{"rendered":"VIDEO | Capitanich: No tuve causas por corrupci\u00f3n hasta que me agarraron con F\u00fatbol para Todos"},"content":{"rendered":"\n<figure class=\"wp-block-image size-full\"><img loading=\"lazy\" decoding=\"async\" width=\"728\" height=\"90\" src=\"http:\/\/hdpnoticias.com.ar\/wp-content\/uploads\/2024\/05\/Nachec.gif\" alt=\"\" class=\"wp-image-6814\"\/><figcaption class=\"wp-element-caption\">El exgobernador y candidato a diputado provincial: Jorge Capitanich, dijo que la imputarlo por corrupci\u00f3n es una falta de respeto para \u00e9l y el pueblo que lo vot\u00f3.<\/figcaption><\/figure>\n\n\n\n<p>El exgobernador Jorge Capitanich, primer candidato a diputado provincial por el Frente Chaque\u00f1o, calific\u00f3 de \u201coperaci\u00f3n medi\u00e1tica\u201d la imputaci\u00f3n que le hiciera el fiscal federal Carlos Amad, en la causa en la que investiga la presunta comisi\u00f3n del delito de lavado de dinero detr\u00e1s de la adjudicaci\u00f3n de grandes extensiones de tierras fiscales durante su tercer gobierno.<\/p>\n\n\n\n<p>Entrevistado por Roberto Espinoza en Radio Independencia, asever\u00f3 ser totalmente inocente y asegur\u00f3 que su participaci\u00f3n en las adjudicaciones objetadas se enmarc\u00f3 en una mera cuesti\u00f3n administrativa. \u201cNo se puede presumir de ninguna manera la existencia de delito\u201d, sentenci\u00f3.<\/p>\n\n\n\n<p>Para \u00e9l, la causa fue armada como parte de la \u201cjudicializaci\u00f3n de la pol\u00edtica\u201d. &nbsp;<\/p>\n\n\n\n<p>\u201cCuando se hace judicializaci\u00f3n de la pol\u00edtica se deteriora la calidad en el ejercicio de las instituciones\u201d, dijo, pero se resign\u00f3: \u201cVoy a defenderme donde corresponde, en el \u00e1mbito judicial\u201d.<\/p>\n\n\n\n<p>Desde su perspectiva, la imputaci\u00f3n es \u201cuna falta de respeto al pueblo\u201d que lo eligi\u00f3 3 veces gobernador de la provincia, y pidi\u00f3 a los jueces y fiscales que lo respeten. \u201cYo voy a ser muy respetuoso, pero tambi\u00e9n tienen que ser respetuosos de m\u00ed\u201d, reclam\u00f3.<\/p>\n\n\n\n<p>\u201cNunca jam\u00e1s este humilde servidor ha tenido un acto de corrupci\u00f3n\u201d, dijo, y remarc\u00f3 que tras su salida del poder en 2023 se expuso a todos los controles de ley, que super\u00f3 inc\u00f3lume: \u201cSigo sin auto, sin casa, sin nada, y vivo austera y dignamente, como corresponde\u201d, complet\u00f3.<\/p>\n\n\n\n<p>Pero al intentar ampliar su descargo, incurri\u00f3 en un fallido: \u201cTengo 25 a\u00f1os de vida p\u00fablica, y nunca tuve una causa por corrupci\u00f3n, hasta que me agarraron con F\u00fatbol para Todos\u201d, dijo, y r\u00e1pidamente corrigi\u00f3: \u201c\u2026que no fue un acto de corrupci\u00f3n, sino incumplimiento de los deberes de funcionario p\u00fablico\u201d.<\/p>\n\n\n\n<p>E insisti\u00f3 en que es v\u00edctima de una operaci\u00f3n, dijo que otros pol\u00edticos \u201ccompran jueces y fiscales para garantizar su impunidad\u201d, y que \u201ccuando le pegan un carpetazo r\u00e1pidamente arreglan, porque no tienen coraje para defender sus convicciones\u201d, algo que con asegura que con \u00e9l nunca ocurrir\u00e1: \u201cYo soy el m\u00e1s corajudo de todos, porque a los cobardes los vomita Dios\u201d, parafrase\u00f3, aunque la expresi\u00f3n original no se refiere a los cobardes, sino a los tibios.<\/p>\n\n\n\n<iframe loading=\"lazy\" src=\"https:\/\/www.facebook.com\/plugins\/video.php?height=420&#038;href=https%3A%2F%2Fwww.facebook.com%2Fhdpchaco%2Fvideos%2F1157800625632158%2F&#038;show_text=false&#038;width=560&#038;t=0\" width=\"560\" height=\"420\" style=\"border:none;overflow:hidden\" scrolling=\"no\" frameborder=\"0\" allowfullscreen=\"true\" allow=\"autoplay; clipboard-write; encrypted-media; picture-in-picture; web-share\" allowFullScreen=\"true\"><\/iframe>\n","protected":false},"excerpt":{"rendered":"<p>El exgobernador Jorge Capitanich, primer candidato a diputado provincial por el Frente Chaque\u00f1o, calific\u00f3 de \u201coperaci\u00f3n medi\u00e1tica\u201d la imputaci\u00f3n que le hiciera el fiscal federal Carlos Amad, en la causa en la que investiga la presunta comisi\u00f3n del delito de lavado de dinero detr\u00e1s de la adjudicaci\u00f3n de grandes extensiones de tierras fiscales durante su [&hellip;]<\/p>\n","protected":false},"author":1,"featured_media":10610,"comment_status":"open","ping_status":"open","sticky":false,"template":"","format":"standard","meta":{"footnotes":""},"categories":[27],"tags":[29,4686,291,682,4733,1801],"class_list":["post-10609","post","type-post","status-publish","format-standard","has-post-thumbnail","hentry","category-politica","tag-capitanich","tag-chaco-merece-mas","tag-corrupcion","tag-diputado","tag-futbol-para-todos","tag-lavado"],"_links":{"self":[{"href":"https:\/\/hdpnoticias.com.ar\/index.php?rest_route=\/wp\/v2\/posts\/10609","targetHints":{"allow":["GET"]}}],"collection":[{"href":"https:\/\/hdpnoticias.com.ar\/index.php?rest_route=\/wp\/v2\/posts"}],"about":[{"href":"https:\/\/hdpnoticias.com.ar\/index.php?rest_route=\/wp\/v2\/types\/post"}],"author":[{"embeddable":true,"href":"https:\/\/hdpnoticias.com.ar\/index.php?rest_route=\/wp\/v2\/users\/1"}],"replies":[{"embeddable":true,"href":"https:\/\/hdpnoticias.com.ar\/index.php?rest_route=%2Fwp%2Fv2%2Fcomments&post=10609"}],"version-history":[{"count":1,"href":"https:\/\/hdpnoticias.com.ar\/index.php?rest_route=\/wp\/v2\/posts\/10609\/revisions"}],"predecessor-version":[{"id":10611,"href":"https:\/\/hdpnoticias.com.ar\/index.php?rest_route=\/wp\/v2\/posts\/10609\/revisions\/10611"}],"wp:featuredmedia":[{"embeddable":true,"href":"https:\/\/hdpnoticias.com.ar\/index.php?rest_route=\/wp\/v2\/media\/10610"}],"wp:attachment":[{"href":"https:\/\/hdpnoticias.com.ar\/index.php?rest_route=%2Fwp%2Fv2%2Fmedia&parent=10609"}],"wp:term":[{"taxonomy":"category","embeddable":true,"href":"https:\/\/hdpnoticias.com.ar\/index.php?rest_route=%2Fwp%2Fv2%2Fcategories&post=10609"},{"taxonomy":"post_tag","embeddable":true,"href":"https:\/\/hdpnoticias.com.ar\/index.php?rest_route=%2Fwp%2Fv2%2Ftags&post=10609"}],"curies":[{"name":"wp","href":"https:\/\/api.w.org\/{rel}","templated":true}]}}