{"id":10569,"date":"2025-03-22T22:15:00","date_gmt":"2025-03-23T01:15:00","guid":{"rendered":"https:\/\/hdpnoticias.com.ar\/?p=10569"},"modified":"2025-03-23T07:21:14","modified_gmt":"2025-03-23T10:21:14","slug":"zdero-presento-sus-candidatos-renovacion-compromiso-y-experiencia","status":"publish","type":"post","link":"https:\/\/hdpnoticias.com.ar\/?p=10569","title":{"rendered":"Zdero present\u00f3 sus candidatos: Renovaci\u00f3n, compromiso y experiencia"},"content":{"rendered":"\n<figure class=\"wp-block-image size-full\"><img loading=\"lazy\" decoding=\"async\" width=\"720\" height=\"90\" src=\"http:\/\/hdpnoticias.com.ar\/wp-content\/uploads\/2024\/05\/Obras-Publicas.gif\" alt=\"\" class=\"wp-image-6818\"\/><\/figure>\n\n\n\n<p>El frente oficialista Chaco Puede + La Libertad Avanza formaliz\u00f3 la inscripci\u00f3n de sus candidatos a diputados para las elecciones del 11 de mayo, encabezada por Julio Ferro y la intendente de Santa Sylvina: Susana Maggio.<\/p>\n\n\n\n<p>&#8220;Nuestra lista es un llamado claro y decidido a terminar con a\u00f1os de atraso y corrupci\u00f3n que nos dej\u00f3 Capitanich. Destruy\u00f3 el presente y el futuro del Chaco, a trav\u00e9s del clientelismo, las mentiras y m\u00e1s pobreza. Pero se acab\u00f3, no hay m\u00e1s lugar para c\u00f3mplices del pasado. Vinimos a cambiar lo que nos dec\u00edan que no se pod\u00eda; ahora se puede y lo estamos haciendo&#8221;, dijo el gobernador Leandro Zdero al presentar la propuesta electoral.<\/p>\n\n\n\n<p><strong>La lista<\/strong><\/p>\n\n\n\n<ol class=\"wp-block-list\">\n<li>Julio Ferro: 40 a\u00f1os, abogado especialista en Derecho de Da\u00f1os (UBA). Especialista en Derecho Administrativo (UNNE). Magister en Derecho Administrativo (Universidad Austral). Diplomado en R\u00e9gimen Jur\u00eddico del Automotor (UCES). Diplomado en Derecho y Gesti\u00f3n Municipal (Universidad de Mendoza). Actualmente subsecretario de Legal y T\u00e9cnica.<\/li>\n\n\n\n<li>Susana Maggio: 56 a\u00f1os, profesora en Biolog\u00eda. Intendente de Santa Sylvina.<\/li>\n\n\n\n<li>Adri\u00e1n Favio Zukiewicz: 28 a\u00f1os. Licenciado en Administraci\u00f3n de Empresas.<\/li>\n\n\n\n<li>Carina Botteri: 39 a\u00f1os, abogada, Maestranza en Gesti\u00f3n P\u00fablica, exministra de Desarrollo Humano. Vocal del Cefca.<\/li>\n\n\n\n<li>Jorge G\u00f3mez: abogado, fiscal de investigaci\u00f3n y fiscal de C\u00e1mara, integrante del Tribunal Electoral, especialista en Derecho Penal, primer fiscal en Juicio por Jurado de la provincia. Ministro de Gobierno.<\/li>\n\n\n\n<li>Mayra Jarenko: 37 a\u00f1os, profesora de Historia, t\u00e9cnica superior en Turismo sobre Espacios Rurales.<\/li>\n\n\n\n<li>Joaqu\u00edn Garc\u00eda: 30 A\u00f1os, farmac\u00e9utico. Exconcejal de Villa \u00c1ngela. Presidente de la Juventud Radical del Chaco, Presidente Laboratorios Chaque\u00f1os SA.<\/li>\n\n\n\n<li>Maril\u00edn Rodr\u00edguez: 51 a\u00f1os maestra jardinera rural. Concejal de Presidencia Roque S\u00e1enz Pe\u00f1a.<\/li>\n\n\n\n<li>Edgardo Reguera: 45 a\u00f1os, abogado, expresidente del Colegio de Abogados de S\u00e1enz Pe\u00f1a, expresidente del Consejo de la Magistratura del Chaco, presidente del aut\u00f3dromo de S\u00e1enz Pe\u00f1a.<\/li>\n\n\n\n<li>Tamara Silvestri: 35 a\u00f1os, abogada y escribana, expresidente de la Juventud Radical. Subsecretaria de Acci\u00f3n Comunitaria del Ministerio de Seguridad.<\/li>\n\n\n\n<li>Juan Felipe Chaussivert: 52 a\u00f1os, abogado. m\u00e1ster de Derecho P\u00fablico Provincial y Municipal. Vicepresidente de Loter\u00eda Chaque\u00f1a.<\/li>\n\n\n\n<li>M\u00f3nica Morales: 47 a\u00f1os, abogada y analista en Marketing y Comunicaci\u00f3n,16 a\u00f1os trabajando por los derechos de las personas con discapacidad.<\/li>\n\n\n\n<li>Marcos Pastori: 45 a\u00f1os, m\u00e9dico veterinario, productor agropecuario, presidente de la Sociedad Rural del Chaco y vocal en la Mesa Ejecutiva de Confederaciones Rurales Argentina.<\/li>\n\n\n\n<li>Silvana P\u00e9rez: 46 a\u00f1os, docente de El Impenetrable.<\/li>\n\n\n\n<li>Marcelo Barrios: 45 a\u00f1os, coach ontol\u00f3gico profesional. Subsecretario de Municipios de la Provincia.<\/li>\n\n\n\n<li>Elisa Fern\u00e1ndez Aselle: 43 a\u00f1os, abogada y escribana, especialista en protecci\u00f3n de derechos de ni\u00f1os, ni\u00f1as y adolescentes. Presidente del Consejo de Abogados.<\/li>\n<\/ol>\n\n\n\n<p>&#8220;Esta lista no es m\u00e1s de lo mismo. Es renovaci\u00f3n, es compromiso, es territorio y tambi\u00e9n trae la fuerza de la juventud. Est\u00e1 formada por personas con experiencia, pero sobre todo con la convicci\u00f3n de que Chaco merece crecer, no retroceder. Elegimos el camino del orden, es un cambio posible y lo estamos logrando hace m\u00e1s de un a\u00f1o en toda la provincia&#8221;, complet\u00f3 Zdero.<\/p>\n","protected":false},"excerpt":{"rendered":"<p>El frente oficialista Chaco Puede + La Libertad Avanza formaliz\u00f3 la inscripci\u00f3n de sus candidatos a diputados para las elecciones del 11 de mayo, encabezada por Julio Ferro y la intendente de Santa Sylvina: Susana Maggio. &#8220;Nuestra lista es un llamado claro y decidido a terminar con a\u00f1os de atraso y corrupci\u00f3n que nos dej\u00f3 [&hellip;]<\/p>\n","protected":false},"author":1,"featured_media":8354,"comment_status":"open","ping_status":"open","sticky":false,"template":"","format":"standard","meta":{"footnotes":""},"categories":[27],"tags":[4683,71,246,4715,921],"class_list":["post-10569","post","type-post","status-publish","format-standard","has-post-thumbnail","hentry","category-politica","tag-chaco-puede","tag-diputados","tag-elecciones","tag-lista","tag-zdero"],"_links":{"self":[{"href":"https:\/\/hdpnoticias.com.ar\/index.php?rest_route=\/wp\/v2\/posts\/10569","targetHints":{"allow":["GET"]}}],"collection":[{"href":"https:\/\/hdpnoticias.com.ar\/index.php?rest_route=\/wp\/v2\/posts"}],"about":[{"href":"https:\/\/hdpnoticias.com.ar\/index.php?rest_route=\/wp\/v2\/types\/post"}],"author":[{"embeddable":true,"href":"https:\/\/hdpnoticias.com.ar\/index.php?rest_route=\/wp\/v2\/users\/1"}],"replies":[{"embeddable":true,"href":"https:\/\/hdpnoticias.com.ar\/index.php?rest_route=%2Fwp%2Fv2%2Fcomments&post=10569"}],"version-history":[{"count":1,"href":"https:\/\/hdpnoticias.com.ar\/index.php?rest_route=\/wp\/v2\/posts\/10569\/revisions"}],"predecessor-version":[{"id":10570,"href":"https:\/\/hdpnoticias.com.ar\/index.php?rest_route=\/wp\/v2\/posts\/10569\/revisions\/10570"}],"wp:featuredmedia":[{"embeddable":true,"href":"https:\/\/hdpnoticias.com.ar\/index.php?rest_route=\/wp\/v2\/media\/8354"}],"wp:attachment":[{"href":"https:\/\/hdpnoticias.com.ar\/index.php?rest_route=%2Fwp%2Fv2%2Fmedia&parent=10569"}],"wp:term":[{"taxonomy":"category","embeddable":true,"href":"https:\/\/hdpnoticias.com.ar\/index.php?rest_route=%2Fwp%2Fv2%2Fcategories&post=10569"},{"taxonomy":"post_tag","embeddable":true,"href":"https:\/\/hdpnoticias.com.ar\/index.php?rest_route=%2Fwp%2Fv2%2Ftags&post=10569"}],"curies":[{"name":"wp","href":"https:\/\/api.w.org\/{rel}","templated":true}]}}