{"id":10490,"date":"2025-03-14T21:57:21","date_gmt":"2025-03-15T00:57:21","guid":{"rendered":"https:\/\/hdpnoticias.com.ar\/?p=10490"},"modified":"2025-03-14T21:57:23","modified_gmt":"2025-03-15T00:57:23","slug":"balacera-en-resistencia-detuvieron-a-2-presuntos-sicarios-en-la-zona-sur","status":"publish","type":"post","link":"https:\/\/hdpnoticias.com.ar\/?p=10490","title":{"rendered":"Balacera en Resistencia: detuvieron a 2 presuntos sicarios en la zona sur"},"content":{"rendered":"\n<figure class=\"wp-block-image size-full\"><img loading=\"lazy\" decoding=\"async\" width=\"728\" height=\"90\" src=\"http:\/\/hdpnoticias.com.ar\/wp-content\/uploads\/2024\/05\/Nachec.gif\" alt=\"\" class=\"wp-image-6814\"\/><\/figure>\n\n\n\n<p>La madrugada de este viernes un Chevrolet Cruze estacionado en la esquina de las calles Necochea y Charata, en la zona suroeste de Resistencia, fue blanco de una balacera.<\/p>\n\n\n\n<p>El propietario, un colombiano de 40 a\u00f1os, dijo que estaban reunidos en una vivienda cuando 2 sujetos a bordo de una Honda Wave roja detuvieron la marcha y sin mediar palabra dispararon contra el auto.<\/p>\n\n\n\n<p>Los peritos comprobaron 3 impactos y encontraron vainas servidas calibre 9mm.<\/p>\n\n\n\n<p>Con la informaci\u00f3n aportada por los testigos, la Polic\u00eda despleg\u00f3 un operativo en Villa Don Alberto encabezado por el mismo jefe de la Fuerza: Fernando Romero, y detuvo en Necochea al 2900, a pocas cuadras del lugar del hecho, a 2 hombres de 21 y 23 a\u00f1os, y secuestr\u00f3 la moto en la que se desplazaban.<\/p>\n\n\n\n<p>En medio del procedimiento, una joven se present\u00f3 como novia del menor de los detenidos y entreg\u00f3 una pistola Bersa Thunder que \u00e9ste le hab\u00eda pedido que guardara en su casa.<\/p>\n\n\n\n<p>Ahora investigan el m\u00f3vil del atentado, Una de las hip\u00f3tesis m\u00e1s firmes es la de un ajuste de cuentas en el que los pistoleros habr\u00edan actuado como sicarios.<\/p>\n","protected":false},"excerpt":{"rendered":"<p>La madrugada de este viernes un Chevrolet Cruze estacionado en la esquina de las calles Necochea y Charata, en la zona suroeste de Resistencia, fue blanco de una balacera. El propietario, un colombiano de 40 a\u00f1os, dijo que estaban reunidos en una vivienda cuando 2 sujetos a bordo de una Honda Wave roja detuvieron la [&hellip;]<\/p>\n","protected":false},"author":1,"featured_media":10491,"comment_status":"open","ping_status":"open","sticky":false,"template":"","format":"standard","meta":{"footnotes":""},"categories":[26],"tags":[338,3983,1650,55,49,3145,97],"class_list":["post-10490","post","type-post","status-publish","format-standard","has-post-thumbnail","hentry","category-policiales","tag-chevrolet","tag-colombiano","tag-cruze","tag-policia","tag-resistencia","tag-sicarios","tag-zona-sur"],"_links":{"self":[{"href":"https:\/\/hdpnoticias.com.ar\/index.php?rest_route=\/wp\/v2\/posts\/10490","targetHints":{"allow":["GET"]}}],"collection":[{"href":"https:\/\/hdpnoticias.com.ar\/index.php?rest_route=\/wp\/v2\/posts"}],"about":[{"href":"https:\/\/hdpnoticias.com.ar\/index.php?rest_route=\/wp\/v2\/types\/post"}],"author":[{"embeddable":true,"href":"https:\/\/hdpnoticias.com.ar\/index.php?rest_route=\/wp\/v2\/users\/1"}],"replies":[{"embeddable":true,"href":"https:\/\/hdpnoticias.com.ar\/index.php?rest_route=%2Fwp%2Fv2%2Fcomments&post=10490"}],"version-history":[{"count":1,"href":"https:\/\/hdpnoticias.com.ar\/index.php?rest_route=\/wp\/v2\/posts\/10490\/revisions"}],"predecessor-version":[{"id":10492,"href":"https:\/\/hdpnoticias.com.ar\/index.php?rest_route=\/wp\/v2\/posts\/10490\/revisions\/10492"}],"wp:featuredmedia":[{"embeddable":true,"href":"https:\/\/hdpnoticias.com.ar\/index.php?rest_route=\/wp\/v2\/media\/10491"}],"wp:attachment":[{"href":"https:\/\/hdpnoticias.com.ar\/index.php?rest_route=%2Fwp%2Fv2%2Fmedia&parent=10490"}],"wp:term":[{"taxonomy":"category","embeddable":true,"href":"https:\/\/hdpnoticias.com.ar\/index.php?rest_route=%2Fwp%2Fv2%2Fcategories&post=10490"},{"taxonomy":"post_tag","embeddable":true,"href":"https:\/\/hdpnoticias.com.ar\/index.php?rest_route=%2Fwp%2Fv2%2Ftags&post=10490"}],"curies":[{"name":"wp","href":"https:\/\/api.w.org\/{rel}","templated":true}]}}