{"id":1047,"date":"2023-03-01T13:56:52","date_gmt":"2023-03-01T16:56:52","guid":{"rendered":"http:\/\/hdpnoticias.com.ar\/?p=1047"},"modified":"2023-03-01T13:56:54","modified_gmt":"2023-03-01T16:56:54","slug":"la-policia-desalojo-una-protesta-piquetera-y-detuvo-a-2-dirigentes","status":"publish","type":"post","link":"https:\/\/hdpnoticias.com.ar\/?p=1047","title":{"rendered":"La Polic\u00eda desaloj\u00f3 una protesta piquetera y detuvo a 2 dirigentes"},"content":{"rendered":"\n<p>Varias organizaciones sociales, algunas de ellas ligadas a la gesti\u00f3n del gobernador Jorge Capitanich, se manifestaron esta ma\u00f1ana interrumpiendo el tr\u00e1nsito en varios puntos del microcentro de Resistencia, para confluir frente a la Casa de Gobierno.<\/p>\n\n\n\n<p>La protesta se dio frente a un descomunal operativo de seguridad que implic\u00f3 gran cantidad de efectivos policiales y m\u00f3viles.<\/p>\n\n\n\n<p>En un momento la Polic\u00eda procedi\u00f3 al despeje de la intersecci\u00f3n de las calles Marcelo Torcuato de Alvear y Mitre, hubo corridas y varios escarceos.<\/p>\n\n\n\n<p>El saldo fue de al menos 2 dirigentes detenidos: Jos\u00e9 Luis P\u00e9rez, de Ciudadanos Solidarios y Emprendedores, y Mario Rol\u00f3n, del movimiento Alma Fuerte.<\/p>\n\n\n\n<p>Los movimientos sociales advirtieron que recrudecer\u00e1n las protestas si no media respuesta del Gobierno al reclamo de pagos adeudados a cooperativas, asistencia alimentaria y la baja de beneficiarios de planes sociales.<\/p>\n","protected":false},"excerpt":{"rendered":"<p>Varias organizaciones sociales, algunas de ellas ligadas a la gesti\u00f3n del gobernador Jorge Capitanich, se manifestaron esta ma\u00f1ana interrumpiendo el tr\u00e1nsito en varios puntos del microcentro de Resistencia, para confluir frente a la Casa de Gobierno. La protesta se dio frente a un descomunal operativo de seguridad que implic\u00f3 gran cantidad de efectivos policiales y [&hellip;]<\/p>\n","protected":false},"author":1,"featured_media":1048,"comment_status":"open","ping_status":"open","sticky":false,"template":"","format":"standard","meta":{"footnotes":""},"categories":[26],"tags":[768,767,37,432,265,769,55,658],"class_list":["post-1047","post","type-post","status-publish","format-standard","has-post-thumbnail","hentry","category-policiales","tag-capitancih","tag-casa-de-gobierno","tag-chaco","tag-piquete","tag-piqueteros","tag-planes","tag-policia","tag-protesta"],"_links":{"self":[{"href":"https:\/\/hdpnoticias.com.ar\/index.php?rest_route=\/wp\/v2\/posts\/1047","targetHints":{"allow":["GET"]}}],"collection":[{"href":"https:\/\/hdpnoticias.com.ar\/index.php?rest_route=\/wp\/v2\/posts"}],"about":[{"href":"https:\/\/hdpnoticias.com.ar\/index.php?rest_route=\/wp\/v2\/types\/post"}],"author":[{"embeddable":true,"href":"https:\/\/hdpnoticias.com.ar\/index.php?rest_route=\/wp\/v2\/users\/1"}],"replies":[{"embeddable":true,"href":"https:\/\/hdpnoticias.com.ar\/index.php?rest_route=%2Fwp%2Fv2%2Fcomments&post=1047"}],"version-history":[{"count":1,"href":"https:\/\/hdpnoticias.com.ar\/index.php?rest_route=\/wp\/v2\/posts\/1047\/revisions"}],"predecessor-version":[{"id":1049,"href":"https:\/\/hdpnoticias.com.ar\/index.php?rest_route=\/wp\/v2\/posts\/1047\/revisions\/1049"}],"wp:featuredmedia":[{"embeddable":true,"href":"https:\/\/hdpnoticias.com.ar\/index.php?rest_route=\/wp\/v2\/media\/1048"}],"wp:attachment":[{"href":"https:\/\/hdpnoticias.com.ar\/index.php?rest_route=%2Fwp%2Fv2%2Fmedia&parent=1047"}],"wp:term":[{"taxonomy":"category","embeddable":true,"href":"https:\/\/hdpnoticias.com.ar\/index.php?rest_route=%2Fwp%2Fv2%2Fcategories&post=1047"},{"taxonomy":"post_tag","embeddable":true,"href":"https:\/\/hdpnoticias.com.ar\/index.php?rest_route=%2Fwp%2Fv2%2Ftags&post=1047"}],"curies":[{"name":"wp","href":"https:\/\/api.w.org\/{rel}","templated":true}]}}