{"id":10464,"date":"2025-03-12T22:44:08","date_gmt":"2025-03-13T01:44:08","guid":{"rendered":"https:\/\/hdpnoticias.com.ar\/?p=10464"},"modified":"2025-04-07T08:29:15","modified_gmt":"2025-04-07T11:29:15","slug":"entrega-irregular-de-tierras-y-lavado-imputan-a-capitanich-y-funcionarios-de-su-gestion","status":"publish","type":"post","link":"https:\/\/hdpnoticias.com.ar\/?p=10464","title":{"rendered":"Entrega irregular de tierras y lavado: imputan a Capitanich y funcionarios de su gesti\u00f3n"},"content":{"rendered":"\n<figure class=\"wp-block-image size-full\"><img loading=\"lazy\" decoding=\"async\" width=\"720\" height=\"90\" src=\"http:\/\/hdpnoticias.com.ar\/wp-content\/uploads\/2024\/05\/Copy-of-720x90-1.gif\" alt=\"\" class=\"wp-image-6806\"\/><\/figure>\n\n\n\n<p>El fiscal federal de Presidencia Roque S\u00e1enz Pe\u00f1a: Carlos Amad, present\u00f3 ante la jueza federal subrogante Ana Bel\u00e9n L\u00f3pez Mac\u00e9, sus conclusiones e la investigaci\u00f3n iniciada tras la denuncia de la titular del Instituto de Tierras: Ana Mar\u00eda Canata, sobre la cesi\u00f3n presuntamente irregular de tierras durante la \u00faltima gobernaci\u00f3n de Jorge Capitanich.<\/p>\n\n\n\n<p>La denuncia data de abril de 2024 y el fiscal entiende que hay elementos suficientes para imputar al exgobernador y a funcionarios claves en el tr\u00e1mite de la entrega de unas 3600 hect\u00e1reas fiscales. Le achaca fraude en perjuicio del Estado y lavado, entre otros cargos, en las operaciones observadas.<\/p>\n\n\n\n<p>Para llegar a esto, observ\u00f3 que las tierras fueron a parar a empresas y personas relacionadas con la extitular del Instituto de Colonizaci\u00f3n y despu\u00e9s ministra de Ambiente: Marta Soneira, las que adem\u00e1s recibieron sospechosos beneficios impositivos, y puso en duda no s\u00f3lo la solvencia de los tr\u00e1mites sino la capacidad econ\u00f3mica de los beneficiarios, un detalle clave para abonar las sospechas de lavado.<\/p>\n\n\n\n<p>Como paso siguiente, Amad solicit\u00f3 la convocatoria a declaraci\u00f3n indagatoria de Capitanich y Soneira, y el levantamiento del secreto bancario y burs\u00e1til de los imputados. La lista se completa con la exsubsecretaria de Asuntos Registrales: Sheina Waicman, y Dar\u00edo Gim\u00e9nez, exdelegado del Instituto de Colonizaci\u00f3n en Pampa del Infierno, m\u00e1s el empresario Mauricio Cian, exmarido de Soneira, y los hermanos de \u00e9sta: Federico y Diego Soneira; y otros empresarios: Federico Storti, Leandro Bessone y Nelson Poch\u00f3n.<\/p>\n","protected":false},"excerpt":{"rendered":"<p>El fiscal federal de Presidencia Roque S\u00e1enz Pe\u00f1a: Carlos Amad, present\u00f3 ante la jueza federal subrogante Ana Bel\u00e9n L\u00f3pez Mac\u00e9, sus conclusiones e la investigaci\u00f3n iniciada tras la denuncia de la titular del Instituto de Tierras: Ana Mar\u00eda Canata, sobre la cesi\u00f3n presuntamente irregular de tierras durante la \u00faltima gobernaci\u00f3n de Jorge Capitanich. La denuncia [&hellip;]<\/p>\n","protected":false},"author":1,"featured_media":8483,"comment_status":"open","ping_status":"open","sticky":false,"template":"","format":"standard","meta":{"footnotes":""},"categories":[27],"tags":[29,1897,1801,4692,4690,4691],"class_list":["post-10464","post","type-post","status-publish","format-standard","has-post-thumbnail","hentry","category-politica","tag-capitanich","tag-imputados","tag-lavado","tag-malversacion","tag-soneira","tag-tierras-fiscales"],"_links":{"self":[{"href":"https:\/\/hdpnoticias.com.ar\/index.php?rest_route=\/wp\/v2\/posts\/10464","targetHints":{"allow":["GET"]}}],"collection":[{"href":"https:\/\/hdpnoticias.com.ar\/index.php?rest_route=\/wp\/v2\/posts"}],"about":[{"href":"https:\/\/hdpnoticias.com.ar\/index.php?rest_route=\/wp\/v2\/types\/post"}],"author":[{"embeddable":true,"href":"https:\/\/hdpnoticias.com.ar\/index.php?rest_route=\/wp\/v2\/users\/1"}],"replies":[{"embeddable":true,"href":"https:\/\/hdpnoticias.com.ar\/index.php?rest_route=%2Fwp%2Fv2%2Fcomments&post=10464"}],"version-history":[{"count":1,"href":"https:\/\/hdpnoticias.com.ar\/index.php?rest_route=\/wp\/v2\/posts\/10464\/revisions"}],"predecessor-version":[{"id":10465,"href":"https:\/\/hdpnoticias.com.ar\/index.php?rest_route=\/wp\/v2\/posts\/10464\/revisions\/10465"}],"wp:featuredmedia":[{"embeddable":true,"href":"https:\/\/hdpnoticias.com.ar\/index.php?rest_route=\/wp\/v2\/media\/8483"}],"wp:attachment":[{"href":"https:\/\/hdpnoticias.com.ar\/index.php?rest_route=%2Fwp%2Fv2%2Fmedia&parent=10464"}],"wp:term":[{"taxonomy":"category","embeddable":true,"href":"https:\/\/hdpnoticias.com.ar\/index.php?rest_route=%2Fwp%2Fv2%2Fcategories&post=10464"},{"taxonomy":"post_tag","embeddable":true,"href":"https:\/\/hdpnoticias.com.ar\/index.php?rest_route=%2Fwp%2Fv2%2Ftags&post=10464"}],"curies":[{"name":"wp","href":"https:\/\/api.w.org\/{rel}","templated":true}]}}