{"id":10457,"date":"2025-03-11T23:22:00","date_gmt":"2025-03-12T02:22:00","guid":{"rendered":"https:\/\/hdpnoticias.com.ar\/?p=10457"},"modified":"2025-04-07T08:22:45","modified_gmt":"2025-04-07T11:22:45","slug":"sin-consenso-en-el-pj-el-peronismo-se-dividio-en-3-frentes","status":"publish","type":"post","link":"https:\/\/hdpnoticias.com.ar\/?p=10457","title":{"rendered":"Sin consenso en el PJ: el peronismo otra vez dividido en varios frentes"},"content":{"rendered":"\n<figure class=\"wp-block-image size-full\"><img loading=\"lazy\" decoding=\"async\" width=\"720\" height=\"90\" src=\"http:\/\/hdpnoticias.com.ar\/wp-content\/uploads\/2024\/05\/Copy-of-720x90-1.gif\" alt=\"\" class=\"wp-image-6806\"\/><\/figure>\n\n\n\n<p>Sobre la hora del cierre de la inscripci\u00f3n de alianzas para participar de las elecciones legislativas provinciales del 11 de mayo, el Partico Justicialista que lidera el exgobernador Jorge Capitanich no encontr\u00f3 el consenso buscado.<\/p>\n\n\n\n<p>Los sectores internos no lograron un acuerdo y, aunque las conversaciones continuar\u00e1n, los 3 sectores visibles en la puja inscribieron sendos frentes electorales para asegurarse un lugar en la elecci\u00f3n.<\/p>\n\n\n\n<p>Ahora se abre otra oportunidad, ya que empieza la discusi\u00f3n fina que debe terminar en la conformaci\u00f3n de las listas de candidatos que deben llegar al Tribunal Electoral el pr\u00f3ximo 22 de marzo.<\/p>\n\n\n\n<p>Con el sello del PJ, Capitanich recicl\u00f3 el frente Chaco Merece M\u00e1s, denominaci\u00f3n que utiliz\u00f3 en las elecciones de 2007, cuando lleg\u00f3 a la Gobernaci\u00f3n, y en las elecciones durante sus 2 primeros mandatos. Lo integran, adem\u00e1s del PJ, el Frente Grande; el Partido del Trabajo y el Pueblo; el Partido de la Cultura, la Educaci\u00f3n y el Trabajo; Proyecto Popular; Partido de la Victoria; Causa Reparadora; Libres del Sur; Nuevo Encuentro por la Democracia y la Equidad; Unidos por Chaco y Partido Kolina.<\/p>\n\n\n\n<p>La Corriente de Expresi\u00f3n Renovada que comanda Gustavo Mart\u00ednez inscribi\u00f3 su alianza con la Corriente Mart\u00edn Fierro, Unir, el partido M\u00e1s Chaco y el Partido de la Concertaci\u00f3n Forja.<\/p>\n\n\n\n<p>Por su parte, el sector que comandan los intendentes Magda Ayala, de Barranqueras y Juan Manuel Garc\u00eda, de Machagai, y un grupo de legisladores del Frente Chaque\u00f1o, que <strong><a href=\"https:\/\/hdpnoticias.com.ar\/?p=10202\">reclamaba elecciones internas que nunca llegaron<\/a><\/strong>, inscribi\u00f3 el frente Primero Chaco, integrado por el partido Cambio Popular, Partido Idea, Uni\u00f3n por el Progreso, Movimiento de Base, Frente Renovador, Frente para el Cambio Corriente Pensamiento Bonaerense.<\/p>\n\n\n\n<p>A esto hay que sumarle el Frente Integrador creado por el exvicegobernador Juan Carlos Bacileff Ivanoff que, aunque tambi\u00e9n tercia como uno de los sectores peronistas, se presenta formalmente como un partido distinto del PJ.<\/p>\n","protected":false},"excerpt":{"rendered":"<p>Sobre la hora del cierre de la inscripci\u00f3n de alianzas para participar de las elecciones legislativas provinciales del 11 de mayo, el Partico Justicialista que lidera el exgobernador Jorge Capitanich no encontr\u00f3 el consenso buscado. Los sectores internos no lograron un acuerdo y, aunque las conversaciones continuar\u00e1n, los 3 sectores visibles en la puja inscribieron [&hellip;]<\/p>\n","protected":false},"author":1,"featured_media":10203,"comment_status":"open","ping_status":"open","sticky":false,"template":"","format":"standard","meta":{"footnotes":""},"categories":[27],"tags":[53,29,929,4686,246,242,1881,248],"class_list":["post-10457","post","type-post","status-publish","format-standard","has-post-thumbnail","hentry","category-politica","tag-barranqueras","tag-capitanich","tag-cer","tag-chaco-merece-mas","tag-elecciones","tag-gustavo","tag-magda","tag-pj"],"_links":{"self":[{"href":"https:\/\/hdpnoticias.com.ar\/index.php?rest_route=\/wp\/v2\/posts\/10457","targetHints":{"allow":["GET"]}}],"collection":[{"href":"https:\/\/hdpnoticias.com.ar\/index.php?rest_route=\/wp\/v2\/posts"}],"about":[{"href":"https:\/\/hdpnoticias.com.ar\/index.php?rest_route=\/wp\/v2\/types\/post"}],"author":[{"embeddable":true,"href":"https:\/\/hdpnoticias.com.ar\/index.php?rest_route=\/wp\/v2\/users\/1"}],"replies":[{"embeddable":true,"href":"https:\/\/hdpnoticias.com.ar\/index.php?rest_route=%2Fwp%2Fv2%2Fcomments&post=10457"}],"version-history":[{"count":2,"href":"https:\/\/hdpnoticias.com.ar\/index.php?rest_route=\/wp\/v2\/posts\/10457\/revisions"}],"predecessor-version":[{"id":10459,"href":"https:\/\/hdpnoticias.com.ar\/index.php?rest_route=\/wp\/v2\/posts\/10457\/revisions\/10459"}],"wp:featuredmedia":[{"embeddable":true,"href":"https:\/\/hdpnoticias.com.ar\/index.php?rest_route=\/wp\/v2\/media\/10203"}],"wp:attachment":[{"href":"https:\/\/hdpnoticias.com.ar\/index.php?rest_route=%2Fwp%2Fv2%2Fmedia&parent=10457"}],"wp:term":[{"taxonomy":"category","embeddable":true,"href":"https:\/\/hdpnoticias.com.ar\/index.php?rest_route=%2Fwp%2Fv2%2Fcategories&post=10457"},{"taxonomy":"post_tag","embeddable":true,"href":"https:\/\/hdpnoticias.com.ar\/index.php?rest_route=%2Fwp%2Fv2%2Ftags&post=10457"}],"curies":[{"name":"wp","href":"https:\/\/api.w.org\/{rel}","templated":true}]}}