{"id":1044,"date":"2023-03-01T11:04:28","date_gmt":"2023-03-01T14:04:28","guid":{"rendered":"http:\/\/hdpnoticias.com.ar\/?p=1044"},"modified":"2023-03-01T11:04:31","modified_gmt":"2023-03-01T14:04:31","slug":"capitanich-retrocede-y-no-habra-tarifazo-de-luz-reconocio-que-las-boletas-son-impagables","status":"publish","type":"post","link":"https:\/\/hdpnoticias.com.ar\/?p=1044","title":{"rendered":"Capitanich retrocede y no habr\u00e1 tarifazo de luz: reconoci\u00f3 que las boletas son impagables"},"content":{"rendered":"\n<p>El gobernador Jorge Capitanich hizo una serie de anuncios este mi\u00e9rcoles en su discurso de apertura del 55\u00b0 per\u00edodo de sesiones legislativas, entre ellos la decisi\u00f3n de no suspender el nuevo aumento de tarifas de energ\u00eda el\u00e9ctrica.<\/p>\n\n\n\n<p>En la audiencia p\u00fablica realizada el pasado 24 de febrero en General San Mart\u00edn, directivos de Secheep expusieron en nuevo cuadro tarifario con un incremento promedio del 40 por ciento, en base a una estructura de costos actualizada.<\/p>\n\n\n\n<p>El Gobernador admiti\u00f3 la crisis de las empresas de servicios p\u00fablicos y la necesidad imperiosa de \u201csanear\u201d las cuentas de las mismas, y dijo que para esto es necesario actualizar las tarifas pero reconoci\u00f3 que esto es improbable si la gente no puede pagar.<\/p>\n\n\n\n<p>En el mismo tono reconoci\u00f3 las dificultades de las familias chaque\u00f1as para enfrentar la inflaci\u00f3n, lo que lo llev\u00f3 a dejar en suspenso el tarifazo planeado. Paralelamente, inst\u00f3 a quienes a\u00fan no hayan solicitado el subsidio nacional, que lo hagan a la mayor brevedad para evitar \u201caumentos de hasta el 160 por ciento\u201d.<\/p>\n","protected":false},"excerpt":{"rendered":"<p>El gobernador Jorge Capitanich hizo una serie de anuncios este mi\u00e9rcoles en su discurso de apertura del 55\u00b0 per\u00edodo de sesiones legislativas, entre ellos la decisi\u00f3n de no suspender el nuevo aumento de tarifas de energ\u00eda el\u00e9ctrica. En la audiencia p\u00fablica realizada el pasado 24 de febrero en General San Mart\u00edn, directivos de Secheep expusieron [&hellip;]<\/p>\n","protected":false},"author":1,"featured_media":1045,"comment_status":"open","ping_status":"open","sticky":false,"template":"","format":"standard","meta":{"footnotes":""},"categories":[27],"tags":[29,303,766,239,45,231,232,765,229],"class_list":["post-1044","post","type-post","status-publish","format-standard","has-post-thumbnail","hentry","category-politica","tag-capitanich","tag-energia","tag-impagable","tag-inflacion","tag-legislatura","tag-luz","tag-secheep","tag-subsidios","tag-tarifazo"],"_links":{"self":[{"href":"https:\/\/hdpnoticias.com.ar\/index.php?rest_route=\/wp\/v2\/posts\/1044","targetHints":{"allow":["GET"]}}],"collection":[{"href":"https:\/\/hdpnoticias.com.ar\/index.php?rest_route=\/wp\/v2\/posts"}],"about":[{"href":"https:\/\/hdpnoticias.com.ar\/index.php?rest_route=\/wp\/v2\/types\/post"}],"author":[{"embeddable":true,"href":"https:\/\/hdpnoticias.com.ar\/index.php?rest_route=\/wp\/v2\/users\/1"}],"replies":[{"embeddable":true,"href":"https:\/\/hdpnoticias.com.ar\/index.php?rest_route=%2Fwp%2Fv2%2Fcomments&post=1044"}],"version-history":[{"count":1,"href":"https:\/\/hdpnoticias.com.ar\/index.php?rest_route=\/wp\/v2\/posts\/1044\/revisions"}],"predecessor-version":[{"id":1046,"href":"https:\/\/hdpnoticias.com.ar\/index.php?rest_route=\/wp\/v2\/posts\/1044\/revisions\/1046"}],"wp:featuredmedia":[{"embeddable":true,"href":"https:\/\/hdpnoticias.com.ar\/index.php?rest_route=\/wp\/v2\/media\/1045"}],"wp:attachment":[{"href":"https:\/\/hdpnoticias.com.ar\/index.php?rest_route=%2Fwp%2Fv2%2Fmedia&parent=1044"}],"wp:term":[{"taxonomy":"category","embeddable":true,"href":"https:\/\/hdpnoticias.com.ar\/index.php?rest_route=%2Fwp%2Fv2%2Fcategories&post=1044"},{"taxonomy":"post_tag","embeddable":true,"href":"https:\/\/hdpnoticias.com.ar\/index.php?rest_route=%2Fwp%2Fv2%2Ftags&post=1044"}],"curies":[{"name":"wp","href":"https:\/\/api.w.org\/{rel}","templated":true}]}}